{"id":709,"date":"2012-10-23T17:55:28","date_gmt":"2012-10-23T17:55:28","guid":{"rendered":"http:\/\/rudetown.hu\/?p=709"},"modified":"2012-10-24T13:44:36","modified_gmt":"2012-10-24T13:44:36","slug":"a-ska-zenet-konnyu-keverni-barmilyen-zenevel-tokyo-ska-paradise-orchestra-interju","status":"publish","type":"post","link":"https:\/\/rudetown.hu\/?p=709","title":{"rendered":"&#8222;A ska zen\u00e9t k\u00f6nny\u0171 keverni b\u00e1rmilyen zen\u00e9vel&#8221; &#8211; Tokyo Ska Paradise Orchestra interj\u00fa"},"content":{"rendered":"<p style=\"text-align: justify;\"><strong><a href=\"https:\/\/rudetown.hu\/wp-content\/uploads\/2012\/10\/tspa-1.jpg\"><img loading=\"lazy\" decoding=\"async\" class=\"alignleft size-medium wp-image-710\" style=\"margin: 5px;\" title=\"tspa 1\" src=\"https:\/\/rudetown.hu\/wp-content\/uploads\/2012\/10\/tspa-1-300x300.jpg\" alt=\"\" width=\"300\" height=\"300\" srcset=\"https:\/\/rudetown.hu\/wp-content\/uploads\/2012\/10\/tspa-1-300x300.jpg 300w, https:\/\/rudetown.hu\/wp-content\/uploads\/2012\/10\/tspa-1-150x150.jpg 150w, https:\/\/rudetown.hu\/wp-content\/uploads\/2012\/10\/tspa-1.jpg 960w\" sizes=\"auto, (max-width: 300px) 100vw, 300px\" \/><\/a><\/strong>A punk \u00e9s rock elemekkel tark\u00edtott jap\u00e1n <strong>Tokyo Ska Paradise<\/strong> Orchestra, valamikor a 80-as \u00e9v v\u00e9g\u00e9n alakult \u00e9s m\u00e1ra m\u00e1r egy int\u00e9zm\u00e9nny\u00e9 n\u0151tte ki mag\u00e1t. Jap\u00e1nban \u00fatt\u00f6r\u0151k\u00e9nt vonultak be a sr\u00e1cok a zene t\u00f6rt\u00e9nelembe, mivel az \u00faj st\u00edlusukkal hamar a szigetorsz\u00e1gi k\u00f6z\u00f6ns\u00e9g kedvencei lettek. Az\u00f3ta is a T\u00e1vol-Kelet egyik legmeghat\u00e1roz\u00f3bb ska band\u00e1ja. 10 \u00e9vvel ezel\u0151tt robbant a n\u00e9met <strong>Gover Records<\/strong> seg\u00edts\u00e9g\u00e9vel az eur\u00f3pai sz\u00ednt\u00e9ren, ahol \u00a0el\u00e9g hamar \u00a0nagy k\u00f6vet\u0151 t\u00e1borra tettek szert. A banda m\u00e1rciusban adta 16. nagylemez\u00e9t Walkin\u2019 c\u00edmmel, de novemberben j\u00f6nnek az \u00faj Desire albummal.<\/p>\n<p style=\"text-align: justify;\">A k\u00f6vetkez\u0151 interj\u00fat a UnitedReggae leg\u00e9nys\u00e9ge k\u00e9sz\u00edtette\u00a0<strong>Atsushi Yanaka<\/strong> szaxofonossal \u00e9s <strong>Takashi Kato<\/strong> basszus git\u00e1rossal a j\u00faliusban megrendezett <strong>WOMAD<\/strong> fesztiv\u00e1lon (Word Of Music, Art and Dance) \u00e9s a <strong>UnitedReggae.com<\/strong>-on jelent meg.<!--more--><\/p>\n<p><strong>UR: &#8211; Nyissunk egy \u00e1ltal\u00e1nos k\u00e9rd\u00e9ssel, ami a zenekar eredet\u00e9t illeti. M\u00e1r r\u00e9g\u00f3ta a szakm\u00e1ban vagytok,\u00a0 vissza eml\u00e9kezn\u00e9tek a kezdetekre? Mik\u00e9nt indult a zenekar p\u00e1lyafut\u00e1sa?<\/strong><\/p>\n<p><strong>Atsushi Yanaka<\/strong>: &#8211; 23 \u00e9vvel ezel\u0151tt, tal\u00e1lkoztunk Toki\u00f3ban, a ska zen\u00e9t egy lemezboltban ismert\u00fck meg.\u00a0 Akkor, ott m\u00e9g nem volt internet.<\/p>\n<p><strong>UR: &#8211; Ez egy lemezbolt volt f\u0151leg?<\/strong><\/p>\n<p><strong>AZ<\/strong>: &#8211; \u00a0M\u00e1ra m\u00e1r bez\u00e1rt, Wave-nek h\u00edvt\u00e1k.<\/p>\n<p><strong>Takashi Kato<\/strong>: &#8211; Toki\u00f3t er\u0151s, men\u0151 klub sz\u00ednt\u00e9r jellemzi. A ska nem annyira n\u00e9pszer\u0171, de az egyik \u00e9lenj\u00e1r\u00f3 zen\u00e9sz \u00f6sszegy\u0171jt\u00f6tte a 60-as \u00e9vekbeli ska muzsik\u00e1kat Jamaic\u00e1b\u00f3l. Rem\u00e9lj\u00fck, hogy siker\u00fcl n\u00e9pszer\u0171s\u00edteni a m\u0171fajt Jap\u00e1nban, felhozni, egy mindenki sz\u00e1m\u00e1ra elfogadhat\u00f3 st\u00edluss\u00e1 fejleszteni.<\/p>\n<p><strong>AY: &#8211; <\/strong> \u00d3, eszembe jutott egy eml\u00e9k: <strong>Gaz Mayall<\/strong> fontos szem\u00e9ly a t\u00f6rt\u00e9net\u00fcnkben. Az \u0151 kazett\u00e1i \u00e1ltal ismert\u00fck meg a ska zen\u00e9t. A Waveben \u00e1rulta ezeket m\u00e9g anno. Csod\u00e1latos ska, kazikon. Az egyik\u00fcnk \u00a0v\u00e1s\u00e1rolt egy kazit, ami\u00e9rt bolondultunk. Akkor ennek a hat\u00e1sa alatt \u00e1lltunk.\u00a0 Gaz Mayall nagyon fontos sz\u00e1munkra. Im\u00e1dom \u0151t!<\/p>\n<p><strong>UR: &#8211; Ismertek vagytok arr\u00f3l, hogy gyakran m\u0171k\u00f6dt\u00f6k egy\u00fctt kiv\u00e1l\u00f3 \u00e9nekesekkel.<\/strong><\/p>\n<p>AY: &#8211; Igen egy\u00fctt dolgoztunk sz\u00e1mos jap\u00e1n \u00e9nekessel, most pedig <strong>Angelo Moore<\/strong>-ral a <strong>Fishbone<\/strong>-b\u00f3l, vagy \u00e9ppen <strong>Manu Chao<\/strong>-t is eml\u00edthetj\u00fck. Manu Chao-t hallhatj\u00e1tok az \u00faj sz\u00e1munkban is, ami Chao honlapj\u00e1n el\u00e9rhet\u0151, a dal c\u00edme: \u201e<em>Let Me Come The River Flow\u201d.<\/em> A sz\u00f6veg\u00e9t egy\u00fctt \u00edrtuk.<\/p>\n<p><strong>UR: &#8211; Mit tudn\u00e1tok elmondani azokr\u00f3l a jap\u00e1n \u00e9nekesekr\u0151l akikkel egy\u00fctt dolgoztok? M\u00e1s zenei st\u00edlusokat k\u00e9pviselnek, nem kiz\u00e1r\u00f3lag a ska \u00e9s klub szc\u00e9n\u00e1ban ismertek. Mit jelent sz\u00e1mukra veletek dolgozni? <\/strong><\/p>\n<p><strong>TK:<\/strong> &#8211; Tal\u00e1n a jap\u00e1n rajong\u00f3k nem csak ska zen\u00e9szeket l\u00e1tnak benn\u00fcnk hanem, pop band\u00e1t is. T\u00f6bbsz\u00f6r zen\u00e9l\u00fcnk h\u00edres jap\u00e1n \u00e9nekesekkel. \u00a020 \u00e9vig j\u00e1tszottunk TV m\u0171sorokban, sz\u00f3val\u2026<\/p>\n<p><strong>AY: &#8211;<\/strong> A legh\u00edresebb jap\u00e1n vokalist\u00e1k ismernek minket. \u00cdgy k\u00f6nny\u0171 ez.<\/p>\n<p><strong>UR: &#8211; Mikor el\u0151sz\u00f6r l\u00e1ttak titeket a sz\u00ednpadon, a k\u00f6z\u00f6ns\u00e9g mik\u00e9nt reag\u00e1lt?<\/strong><\/p>\n<p><strong>AY:<\/strong> &#8211; \u0150k nagyon furcs\u00e1llt\u00e1k. Az \u00f6lt\u00f6nyeinket, illetve, hogy a f\u00fav\u00f3s szekci\u00f3nkban sok ember kapott helyet.<\/p>\n<p><strong>TK:<\/strong> &#8211; A deb\u00fct koncert ut\u00e1n egy \u00e9vvel k\u00f6zel 10 ezer ember l\u00e1togatta a koncertjeinket, csak egy \u00e9v eltelte ut\u00e1n. Ez Jap\u00e1nban egy nagyon k\u00fcl\u00f6n\u00f6s hangz\u00e1s \u00e9s st\u00edlus, \u00edgy egy \u00fatt\u00f6r\u0151 band\u00e1nak sz\u00e1m\u00edtunk.<\/p>\n<p><strong>RU: &#8211; Akkoriban volt valaki m\u00e1s, aki ezt a fajta hibridj\u00e9t j\u00e1tszotta volna a ska, rock \u00e9s jazz zen\u00e9nek?<\/strong><\/p>\n<p><strong>TK:<\/strong> &#8211; Nem hiszem. Szerintem a ska zen\u00e9t k\u00f6nny\u0171 keverni b\u00e1rmilyen st\u00edlussal. Ez\u00e9rt is pr\u00f3b\u00e1ljuk elegy\u00edteni n\u00e9ha a jazzel, n\u00e9ha a rockkal, n\u00e9ha pedig a vil\u00e1g zen\u00e9vel.<\/p>\n<p><strong>AY:<\/strong> Ez\u00e9rt is fordulhatunk meg mind rock, jazz \u00e9s reggae fesztiv\u00e1lokon. Ez nagyon hasznos sz\u00e1munkra, mi szeretj\u00fck a ska-t.<\/p>\n<p><strong>UR: &#8211; Sok tag megfordult a band\u00e1ban az \u00e9vek folyam\u00e1n. Ez tal\u00e1n hasznos volt p\u00e1r \u00e9vvel az alakul\u00e1sotok ut\u00e1n, a banda st\u00edlusa egy kicsit kereskedelmibb\u00e9 v\u00e1lt, vagy kev\u00e9sb\u00e9 k\u00eds\u00e9rletiv\u00e9. Mi a v\u00e9lem\u00e9nyetek a banda fejl\u0151d\u00e9s\u00e9r\u0151l?<\/strong><\/p>\n<p><strong>TK<\/strong>: &#8211; \u00c9n szem\u00e9ly szerint \u00fagy gondolom, hogy a zene r\u00e9szben sz\u00f3rakoztat\u00f3 is legyen, sz\u00f3val mi pr\u00f3b\u00e1lunk sz\u00f3rakoztatni. Nem csak k\u00eds\u00e9rletezni. A hallgat\u00f3 t\u00e1borunk z\u00f6me \u00e9lvezheti a zen\u00e9nket a Youtube-on vagy a t\u00f6bbi ilyesfajta vide\u00f3 megoszt\u00f3n, Azon gondolkodom, hogy mik\u00e9nt tudn\u00e1nk m\u00e9g jobban megk\u00f6zel\u00edteni vizu\u00e1lisan a k\u00f6z\u00f6ns\u00e9get.<\/p>\n<p><strong>AY: &#8211;<\/strong> Szerintem, 20 \u00e9vvel ezel\u0151tt mindenki fiatalabb volt a zenekarban, m\u00e1ra m\u00e1r megkorosodtunk \u00e9s 20 \u00e9vvel ezel\u0151tt a fiatalok tudtak gyors zen\u00e9t j\u00e1tszani, \u00edgy kifejezve haragjukat, az \u00fczenet\u00fcnk t\u00f6bb mint az, hogy \u201eMinden j\u00f3, a ska egy\u00fctt tart minket\u201d. Ez a saj\u00e1t ska zen\u00e9nk, az ok, ami\u00e9rt mi a vil\u00e1g \u00f6sszes ember\u00e9nek zen\u00e9l\u00fcnk, ez az oka a v\u00e1ltoz\u00e1snak.<\/p>\n<p><strong>TK: &#8211; <\/strong> Szerintem a punk zene energi\u00e1ja a d\u00fch, mi kihaszn\u00e1ljuk a punk zene haragj\u00e1t, vagy valami ilyesmi.<br \/>\n\u00dajra hasznos\u00edtjuk egy tiszta energi\u00e1ba s\u0171r\u00edtj\u00fck ma m\u00e1r.<\/p>\n<p><strong>UR: &#8211; Ti a punk d\u00fch\u00e9t egy pozit\u00edv energi\u00e1ba ford\u00edtj\u00e1tok \u00e1t?<\/strong><\/p>\n<p><strong>TK:<\/strong> &#8211; Igen! Pontosan!<\/p>\n<p><strong>RU: &#8211; Az els\u0151 alkalommal amikor felfigyeltem a zenekarra \u00e9ppen egy albumot adtatok ki N\u00e9metorsz\u00e1gban, a Full Tension Beaters-t. Honnan j\u00f6tt a lemez \u00f6tlete, \u00e9s mit akart a zenekar akkoriban kifejezni?<\/strong><\/p>\n<p><strong>AY: &#8211; <\/strong> A Full Tension Beaters 10 \u00e9ve jelentett\u00fck meg N\u00e9metorsz\u00e1gban. Akkoriban kezdt\u00fcnk el turn\u00e9zni Eur\u00f3p\u00e1ban, ott rengetegen rajongtak a zen\u00e9nk\u00e9rt. Soha nem j\u00e1tszottunk el\u0151tte a kontinensen, \u00edgy egy kis n\u00e9met kiad\u00f3, a Grover Records seg\u00edts\u00e9g\u00e9vel kiadtunk egy lemezt, \u00edgy t\u00f6rt\u00e9nt az eg\u00e9sz. Pr\u00f3b\u00e1ltunk fesztiv\u00e1lokon j\u00e1tszani, sz\u00f3val ehhez kellett egy kiad\u00f3 is.<\/p>\n<p style=\"text-align: justify;\"><strong><a href=\"https:\/\/rudetown.hu\/wp-content\/uploads\/2012\/10\/254234_175791679146004_1729531_n.jpg\"><img loading=\"lazy\" decoding=\"async\" class=\"aligncenter size-full wp-image-713\" style=\"margin-top: 5px; margin-bottom: 5px;\" title=\"254234_175791679146004_1729531_n\" src=\"https:\/\/rudetown.hu\/wp-content\/uploads\/2012\/10\/254234_175791679146004_1729531_n.jpg\" alt=\"\" width=\"720\" height=\"481\" srcset=\"https:\/\/rudetown.hu\/wp-content\/uploads\/2012\/10\/254234_175791679146004_1729531_n.jpg 720w, https:\/\/rudetown.hu\/wp-content\/uploads\/2012\/10\/254234_175791679146004_1729531_n-300x200.jpg 300w\" sizes=\"auto, (max-width: 720px) 100vw, 720px\" \/><\/a>Mi az \u00faj album neve?<\/strong><\/p>\n<p><strong>TK: &#8211; <\/strong> Walkin\u2019.<\/p>\n<p><strong>AY: &#8211; <\/strong> Hallhat\u00f3 rajta persze a Walkin\u2019 egy feldolgoz\u00e1sa is.<\/p>\n<p><strong>TK:<\/strong> &#8211; A sz\u00e1m eredetij\u00e9t Miles David j\u00e1tszotta, Gene Hammonds k\u00f6zrem\u0171k\u00f6d\u00e9s\u00e9vel.<\/p>\n<p><strong>AY: &#8211;<\/strong> Az albumon k\u00f6zrem\u0171k\u00f6dik Manu Chao \u00e9s Angelo Moore.<\/p>\n<p><strong>TK: &#8211; <\/strong> A tavalyi nagy jap\u00e1n f\u00f6ldreng\u00e9s ut\u00e1n nagyon sok koncert\u00fcnket le kellett mondanunk Toki\u00f3ban, ez nagyon f\u00e1j\u00f3 volt sz\u00e1munkra. Nagyon \u00e9rz\u00e9kenyen \u00e9rintett, \u00e9s akkor \u00edrtam meg, hogy \u201eMi k\u00e9pesek vagyunk az \u00f6sszefog\u00e1sra, mi ska zen\u00e9t j\u00e1tszunk.\u201d<\/p>\n<p><strong>UR: &#8211; M\u00e9g mit v\u00e1rhatunk t\u0151letek a j\u00f6v\u0151ben?<\/strong><\/p>\n<p><strong>AY: &#8211;<\/strong> Egy Eur\u00f3pa-turn\u00e9ra k\u00e9sz\u00fcl\u00fcnk.<\/p>\n<p><strong>TK:<\/strong> &#8211; Mostan\u00e1ban j\u00e1rtunk Mexik\u00f3ban. Az emberek t\u00falzottan lelkesek voltak! A saj\u00e1t hangunkat nem hallottuk a sz\u00ednpadon a sokadalomt\u00f3l.<\/p>\n<p><strong>AY: &#8211; <\/strong> A koncert a Vive Latino-n volt, Mexik\u00f3v\u00e1ros egyik legnagyobb fesztiv\u00e1lj\u00e1n. K\u00f6zel 30 ezer l\u00e1togat\u00f3val. Mindenki ismert minket, de nem tudjuk ennek az ok\u00e1t, tal\u00e1n az internetnek k\u00f6sz\u00f6nhet\u0151en. A mexik\u00f3iaknak a ska zene nagyon fontos, f\u0151leg a fiatalok k\u00f6r\u00e9ben. Ez egy l\u00e1zad\u00f3 zene, \u00edgy a fiatalok k\u00f6r\u00e9ben hamar n\u00e9pszer\u0171v\u00e9 v\u00e1lt. Id\u00e9n okt\u00f3berben \u00fajra ell\u00e1togatunk Mexik\u00f3ba egy turn\u00e9 erej\u00e9ig.<\/p>\n<p><strong>TK: &#8211;<\/strong> Ezenfel\u00fcl zen\u00e9lt\u00fcnk m\u00e9g Guadalajar\u00e1ban. El\u00e9gg\u00e9 ismernek minket Mexik\u00f3ban.<\/p>\n<p><strong>UR:<\/strong> &#8211; <strong>Voltatok m\u00e1r Jamaic\u00e1ban?<\/strong><\/p>\n<p><strong>AY:<\/strong> &#8211; M\u00e9g nem!<\/p>\n<p><strong>TK: &#8211; <\/strong> Az lenne a leg\u00e9rdekesebb! Sosem voltunk m\u00e9g ott ezid\u00e1ig.<\/p>\n<p><strong>AY:<\/strong> &#8211; A k\u00f6zeli j\u00f6v\u0151ben tal\u00e1n.<\/p>\n<p><strong>TK<\/strong>: Ez a ska sz\u00fcl\u0151f\u00f6ldje.<\/p>\n<p><strong>UR: &#8211; Min dolgoztok most?<\/strong><\/p>\n<p><strong>AY:<\/strong> &#8211; Most Eur\u00f3p\u00e1ban st\u00fadi\u00f3 munk\u00e1k folynak. A mostani koncert ut\u00e1n felvessz\u00fck az \u00faj lemez\u00fcnket Londonban, tal\u00e1n <strong>Dennis Bovell <\/strong>seg\u00edts\u00e9g\u00e9vel.. Most egy \u00faj albumon dolgozunk, amit kifejezetten az eur\u00f3pai k\u00f6z\u00f6ns\u00e9g sz\u00e1m\u00e1ra sz\u00e1nunk.<\/p>\n<p style=\"text-align: center;\"><object width=\"420\" height=\"315\"><param name=\"movie\" value=\"http:\/\/www.youtube.com\/v\/f9fH5P2HS0s?version=3&amp;hl=hu_HU\" \/><param name=\"allowFullScreen\" value=\"true\" \/><param name=\"allowscriptaccess\" value=\"always\" \/><embed type=\"application\/x-shockwave-flash\" width=\"420\" height=\"315\" src=\"http:\/\/www.youtube.com\/v\/f9fH5P2HS0s?version=3&amp;hl=hu_HU\" allowscriptaccess=\"always\" allowfullscreen=\"true\"><\/embed><\/object><\/p>\n<p><a href=\"http:\/\/tokyoska.net\/\" target=\"_blank\">Tokyo Ska Paradise hivatalos honlap<\/a><\/p>\n<p><a href=\"https:\/\/www.facebook.com\/TokyoSkaParadiseOrchestra  \" target=\"_blank\">Tokyo Ska Paradise Facebook <\/a><\/p>\n<p style=\"text-align: justify;\"><!--more--><\/p>\n<p style=\"text-align: justify;\">&nbsp;<\/p>\n","protected":false},"excerpt":{"rendered":"<div class=\"mh-excerpt\"><p>A punk \u00e9s rock elemekkel tark\u00edtott jap\u00e1n Tokyo Ska Paradise Orchestra, valamikor a 80-as \u00e9v v\u00e9g\u00e9n alakult \u00e9s m\u00e1ra m\u00e1r egy int\u00e9zm\u00e9nny\u00e9 n\u0151tte ki mag\u00e1t. <a class=\"mh-excerpt-more\" href=\"https:\/\/rudetown.hu\/?p=709\" title=\"&#8222;A ska zen\u00e9t k\u00f6nny\u0171 keverni b\u00e1rmilyen zen\u00e9vel&#8221; &#8211; Tokyo Ska Paradise Orchestra interj\u00fa\">[&#8230;]<\/a><\/p>\n<\/div>","protected":false},"author":1,"featured_media":0,"comment_status":"open","ping_status":"open","sticky":false,"template":"","format":"standard","meta":{"footnotes":""},"categories":[7,5,4],"tags":[],"class_list":["post-709","post","type-post","status-publish","format-standard","hentry","category-interjuk","category-magazin","category-osszes_hir"],"_links":{"self":[{"href":"https:\/\/rudetown.hu\/index.php?rest_route=\/wp\/v2\/posts\/709","targetHints":{"allow":["GET"]}}],"collection":[{"href":"https:\/\/rudetown.hu\/index.php?rest_route=\/wp\/v2\/posts"}],"about":[{"href":"https:\/\/rudetown.hu\/index.php?rest_route=\/wp\/v2\/types\/post"}],"author":[{"embeddable":true,"href":"https:\/\/rudetown.hu\/index.php?rest_route=\/wp\/v2\/users\/1"}],"replies":[{"embeddable":true,"href":"https:\/\/rudetown.hu\/index.php?rest_route=%2Fwp%2Fv2%2Fcomments&post=709"}],"version-history":[{"count":7,"href":"https:\/\/rudetown.hu\/index.php?rest_route=\/wp\/v2\/posts\/709\/revisions"}],"predecessor-version":[{"id":717,"href":"https:\/\/rudetown.hu\/index.php?rest_route=\/wp\/v2\/posts\/709\/revisions\/717"}],"wp:attachment":[{"href":"https:\/\/rudetown.hu\/index.php?rest_route=%2Fwp%2Fv2%2Fmedia&parent=709"}],"wp:term":[{"taxonomy":"category","embeddable":true,"href":"https:\/\/rudetown.hu\/index.php?rest_route=%2Fwp%2Fv2%2Fcategories&post=709"},{"taxonomy":"post_tag","embeddable":true,"href":"https:\/\/rudetown.hu\/index.php?rest_route=%2Fwp%2Fv2%2Ftags&post=709"}],"curies":[{"name":"wp","href":"https:\/\/api.w.org\/{rel}","templated":true}]}}