{"id":530,"date":"2012-06-03T21:47:40","date_gmt":"2012-06-03T21:47:40","guid":{"rendered":"http:\/\/rudetown.hu\/?p=530"},"modified":"2012-06-04T02:59:16","modified_gmt":"2012-06-04T02:59:16","slug":"irie-revoltes-%e2%80%93-live-cddvd-csomag-bemutato","status":"publish","type":"post","link":"https:\/\/rudetown.hu\/?p=530","title":{"rendered":"Irie R\u00e9volt\u00e9s \u2013 Live (Cd&#038;DVD csomag) bemutat\u00f3"},"content":{"rendered":"<p style=\"text-align: justify;\"><a href=\"https:\/\/rudetown.hu\/wp-content\/uploads\/2012\/06\/irie.png\"><img loading=\"lazy\" decoding=\"async\" class=\"aligncenter size-full wp-image-544\" title=\"irie\" src=\"https:\/\/rudetown.hu\/wp-content\/uploads\/2012\/06\/irie.png\" alt=\"\" width=\"400\" height=\"401\" srcset=\"https:\/\/rudetown.hu\/wp-content\/uploads\/2012\/06\/irie.png 400w, https:\/\/rudetown.hu\/wp-content\/uploads\/2012\/06\/irie-150x150.png 150w, https:\/\/rudetown.hu\/wp-content\/uploads\/2012\/06\/irie-300x300.png 300w\" sizes=\"auto, (max-width: 400px) 100vw, 400px\" \/><\/a>A mesteremberek el\u0151nyben r\u00e9szes\u00edtik azt, hogy mesteremberekkel dolgozzanak egy\u00fctt \u00e9s mikor ezek a mesterek egy\u00fctt dolgoznak, az eredm\u00e9ny gyakran megd\u00f6bbent\u0151 lehet. Az <strong>Irie R\u00e9volt\u00e9s<\/strong> 12 \u00e9ve alakult a n\u00e9metorsz\u00e1gi Heidelbergben, az\u00f3ta m\u00e1r Eur\u00f3pa szerte ismertek lettek \u00a0progressz\u00edv sz\u00f6vegeik miatt, amiket franci\u00e1ul \u00e9s n\u00e9met\u00fcl \u00edrnak, \u00a0az \u00e9vek sor\u00e1n ezeken egyre ink\u00e1bb a fejl\u0151d\u00e9s jelei figyelhet\u0151ek meg. T\u00fal vannak 400 telth\u00e1zas koncerten. Ez\u00e9rt is itt volt m\u00e1r az ideje egy DVD-nek, s\u0151t! A producernek, <strong>Charlie VDE<\/strong>-t v\u00e1lasztott\u00e1k, aki olyan h\u00edres n\u00e9vvel dolgozik egy\u00fctt, mint \u00a0<strong>Manu Chao<\/strong>. Azt hiszem, t\u00e9nyleg meg fogsz lep\u0151dni az anyagon!<!--more--><\/p>\n<p style=\"text-align: justify;\">A Live, egy cd-dvd csomagban l\u00e1t napvil\u00e1got, ami k\u00e9t tavaly decemberi koncertj\u00fck \u00e9l\u0151 felv\u00e9tele a mannheimi Capitol klubb\u00f3l. A v\u00e1ros csak 10 percre fekszik Heidelbergt\u0151l, \u00edgy mondhatni hazai koncertet adhattak a sr\u00e1cok. A DVD-n helyet kapott 20 felv\u00e9tel, klipek 1 \u00f3ra 45 percben, plusz egy 50 perces b\u00f3nusz dokumentumfilm. A lemezen csak 14 sz\u00e1m tal\u00e1lhat\u00f3.<\/p>\n<p style=\"text-align: justify;\">V\u00e1g\u00e1s, v\u00e1g\u00e1st k\u00f6vetve, a videofelv\u00e9tel a megszokott\u00f3l elt\u00e9r\u0151en folyamatosan m\u00e1s t\u00e1vlatb\u00f3l mutatja a koncertet. Felhaszn\u00e1lja a hom\u00e1lyos k\u00e9p\u0171, k\u00e9zi kamer\u00e1s felv\u00e9teleket is, amiket a YouTube-r\u00f3l szedtek le. Ezek a felv\u00e9telek adj\u00e1k a lemez egyik b\u00e1j\u00e1t, mivel olyan \u00e9rz\u00e9st kelthet a n\u00e9z\u0151ben, mintha \u0150 maga is a hatalmas, izzadt t\u00f6meg r\u00e9sze lenne.<\/p>\n<p style=\"text-align: justify;\">A v\u00e1laszt\u00e1s, hogy a koncertet Mannheimben (reggae k\u00f6r\u00f6kben Gyaltownk\u00e9nt ismert) vegy\u00e9k fel, m\u00e1r csak az\u00e9rt is b\u00f6lcs d\u00f6nt\u00e9s volt, mivel a helyi massz\u00edv szeret bulizni \u00e9s sz\u00edvesen \u0151r\u00fcl meg a koncerteken. Ismerik az \u00f6sszes sz\u00e1mot, legyen az n\u00e9met vagy ak\u00e1r francia, nem besz\u00e9lve a sz\u00f6vegekr\u0151l, azt amir\u0151l Irie R\u00e9volt\u00e9s sz\u00f3l. Az biztos, hogy 12 \u00e9v gyakorl\u00e1s ut\u00e1n a sr\u00e1cok igaz\u00e1n ismerik a hangszereiket. Mint ahogy az egyik zen\u00e9sz utalt r\u00e1 a dokumentumfilmben: <em> &#8222;Mi nem voltunk el\u00e9gg\u00e9 j\u00f3k a feldolgoz\u00e1sokhoz, \u00edgy \u00a0ink\u00e1bb saj\u00e1t sz\u00e1mokat \u00edrtunk a kezdetekkor<\/em>.&#8221; Azt is hozz\u00e1 tett\u00e9k, hogy az antifasiszta \u00e9s t\u00e1rsadalompolitikai n\u00e9zeteik m\u00e1r a zen\u00e9l\u00e9s el\u0151tt is jellemezte \u0151ket. \u00cdgy tudj\u00e1k b\u0151v\u00edteni a mondanival\u00f3jukat. Nem csak kritiz\u00e1lj\u00e1k az \u00e1llamot a (majdnem) \u00a0 glob\u00e1lis kapitalizmus miatt, hanem alternat\u00edv\u00e1kat \u00e9s m\u00e1s megold\u00e1sokat is pr\u00f3b\u00e1lkoznak v\u00e1zolni. Az Irie R\u00e9volt\u00e9s, mint ahogy a nev\u00fck is jelzi, a forradalom napos oldala, ami nem egyenl\u0151 azzal, hogy ne jellemezn\u00e9 \u0151ket a komolys\u00e1g is. \u00a0\u0150k biztosan tudj\u00e1k, hogyan kell sz\u00f3rakoztatni a k\u00f6z\u00f6ns\u00e9get, ami\u00e9rt n\u00e9ha ak\u00e1r pantonimoz\u00e1shoz is folyamodnak. Tudj\u00e1k, hogyan kell meggy\u0151zni a t\u00f6bbi embert az egys\u00e9gnek az \u00e9rz\u00e9s\u00e9re, amire mi reggae zenekedvel\u0151k t\u00f6reksz\u00fcnk. Az \u00fcd\u00edt\u0151 \u0151szintes\u00e9g megjelent a b\u00f3nusz dokumentumfilmben, mely megmagyar\u00e1zhatja siker\u00fck egy r\u00e9sz\u00e9t.<\/p>\n<p style=\"text-align: justify;\"><a href=\"http:\/\/www.irie-revoltes.com\/\" target=\"_blank\">Hivatalos oldal<\/a> | <a href=\"https:\/\/www.facebook.com\/irierevoltes\" target=\"_blank\">Facebook <\/a>| <a href=\"https:\/\/twitter.com\/#!\/irierevoltes\" target=\"_blank\">Twitter<\/a> | <a href=\"http:\/\/www.youtube.com\/user\/IrieRevoltes\" target=\"_blank\">Youtube<\/a><\/p>\n<p style=\"text-align: center;\">&nbsp;<\/p>\n<p style=\"text-align: center;\"><object width=\"560\" height=\"315\"><param name=\"movie\" value=\"http:\/\/www.youtube.com\/v\/8pazLZoTRec?version=3&amp;hl=hu_HU\" \/><param name=\"allowFullScreen\" value=\"true\" \/><param name=\"allowscriptaccess\" value=\"always\" \/><embed type=\"application\/x-shockwave-flash\" width=\"560\" height=\"315\" src=\"http:\/\/www.youtube.com\/v\/8pazLZoTRec?version=3&amp;hl=hu_HU\" allowscriptaccess=\"always\" allowfullscreen=\"true\"><\/embed><\/object><\/p>\n<p style=\"text-align: center;\">&nbsp;<\/p>\n<p style=\"text-align: center;\">&nbsp;<\/p>\n","protected":false},"excerpt":{"rendered":"<div class=\"mh-excerpt\"><p>A mesteremberek el\u0151nyben r\u00e9szes\u00edtik azt, hogy mesteremberekkel dolgozzanak egy\u00fctt \u00e9s mikor ezek a mesterek egy\u00fctt dolgoznak, az eredm\u00e9ny gyakran megd\u00f6bbent\u0151 lehet. Az Irie R\u00e9volt\u00e9s 12 <a class=\"mh-excerpt-more\" href=\"https:\/\/rudetown.hu\/?p=530\" title=\"Irie R\u00e9volt\u00e9s \u2013 Live (Cd&#038;DVD csomag) bemutat\u00f3\">[&#8230;]<\/a><\/p>\n<\/div>","protected":false},"author":1,"featured_media":0,"comment_status":"open","ping_status":"open","sticky":false,"template":"","format":"standard","meta":{"footnotes":""},"categories":[9,5,4],"tags":[],"class_list":["post-530","post","type-post","status-publish","format-standard","hentry","category-bemutato","category-magazin","category-osszes_hir"],"_links":{"self":[{"href":"https:\/\/rudetown.hu\/index.php?rest_route=\/wp\/v2\/posts\/530","targetHints":{"allow":["GET"]}}],"collection":[{"href":"https:\/\/rudetown.hu\/index.php?rest_route=\/wp\/v2\/posts"}],"about":[{"href":"https:\/\/rudetown.hu\/index.php?rest_route=\/wp\/v2\/types\/post"}],"author":[{"embeddable":true,"href":"https:\/\/rudetown.hu\/index.php?rest_route=\/wp\/v2\/users\/1"}],"replies":[{"embeddable":true,"href":"https:\/\/rudetown.hu\/index.php?rest_route=%2Fwp%2Fv2%2Fcomments&post=530"}],"version-history":[{"count":11,"href":"https:\/\/rudetown.hu\/index.php?rest_route=\/wp\/v2\/posts\/530\/revisions"}],"predecessor-version":[{"id":547,"href":"https:\/\/rudetown.hu\/index.php?rest_route=\/wp\/v2\/posts\/530\/revisions\/547"}],"wp:attachment":[{"href":"https:\/\/rudetown.hu\/index.php?rest_route=%2Fwp%2Fv2%2Fmedia&parent=530"}],"wp:term":[{"taxonomy":"category","embeddable":true,"href":"https:\/\/rudetown.hu\/index.php?rest_route=%2Fwp%2Fv2%2Fcategories&post=530"},{"taxonomy":"post_tag","embeddable":true,"href":"https:\/\/rudetown.hu\/index.php?rest_route=%2Fwp%2Fv2%2Ftags&post=530"}],"curies":[{"name":"wp","href":"https:\/\/api.w.org\/{rel}","templated":true}]}}