{"id":3502,"date":"2022-12-03T14:28:54","date_gmt":"2022-12-03T14:28:54","guid":{"rendered":"https:\/\/rudetown.hu\/?p=3502"},"modified":"2022-12-03T14:28:54","modified_gmt":"2022-12-03T14:28:54","slug":"mi-testesitunk-meg-mindent-amitol-a-kispolgarok-rettegnek-zenekarok-akik-feltamasztjak-az-oi-szellemet","status":"publish","type":"post","link":"https:\/\/rudetown.hu\/?p=3502","title":{"rendered":"&#8216;Mi testes\u00edt\u00fcnk meg mindent, amit\u0151l a kispolg\u00e1rok rettegnek\u201d: zenekarok, akik felt\u00e1masztj\u00e1k az Oi! szellem\u00e9t."},"content":{"rendered":"<p style=\"text-align: justify;\">A hardcore mozgalom a munk\u00e1soszt\u00e1ly d\u00fch\u00e9b\u0151l n\u0151tte ki mag\u00e1t a 70-es \u00e9vek v\u00e9g\u00e9n, de a rasszista agresszi\u00f3 megfert\u0151zte. Most a zenekarok egy \u00faj hull\u00e1ma \u00e9leszti fel a katartikus d\u00fch\u00f6t &#8211; sz\u00e9ls\u0151jobboldali asszoci\u00e1ci\u00f3k n\u00e9lk\u00fcl.<!--more--><\/p>\n<p style=\"text-align: justify;\">&#8222;Azt hitted, hogy ez valami sz\u00e9p m\u0171faj? Mert nem az.&#8221; &#8211; mondja <strong>Trevor Taylor<\/strong>, a f\u00e9lelmetes git\u00e1rzenekar, a <strong>Crown Court<\/strong> \u00e9nekese. \u0150 az Oi! nev\u0171 ultra-agressz\u00edv poszt-punk <a href=\"https:\/\/www.theguardian.com\/music\/2010\/mar\/18\/oi-cockney-rejects-garry-bushell-interview\">zenei mozgalomr\u00f3l<\/a> besz\u00e9l, amely vil\u00e1gszerte \u00fajj\u00e1\u00e9led\u0151ben van. Taylor itt konkr\u00e9tan arra utal, hogy a 80-as \u00e9vek eleji eredeti Oi! zenekarok k\u00f6z\u00fcl sokan hirtelen feloszlottak, amikor a tagok b\u00f6rt\u00f6nbe ker\u00fcltek.<\/p>\n<p style=\"text-align: justify;\">&#8222;Az Oi! er\u0151szakos, kem\u00e9ny, piszkos zene, amelyet ilyen h\u00e1tt\u00e9rrel rendelkez\u0151 emberek k\u00e9sz\u00edtettek&#8221; &#8211; mondja Taylor. &#8222;Nem pr\u00f3b\u00e1lom igazolni a fegyveres rabl\u00e1st, de ezek a dolgok az \u00e9let r\u00e9szei, ha ebben a szarban n\u0151sz fel, ak\u00e1r akarod, ak\u00e1r nem.&#8221;<\/p>\n<p style=\"text-align: justify;\">A Crown Court egy fiatalos &#8222;\u00faj Oi!&#8221; szc\u00e9na egyik vezet\u0151 zenekara, akiket ugyanaz a kem\u00e9ny t\u00e1rsadalmi val\u00f3s\u00e1g hat \u00e1t, mint a 80-as \u00e9vek \u00fatt\u00f6r\u0151 csoportjait, p\u00e9ld\u00e1ul a<strong> Last Resortot<\/strong> \u00e9s a <strong>Cockney Rejects<\/strong>-t, kort\u00e1rs hozz\u00e1\u00e1ll\u00e1ssal fel\u00fctve. A zenekar 2016-os deb\u00fct\u00e1l\u00f3 albuma, a Capital Offence friss szellemis\u00e9get vitt egy olyan mozgalomba, amely az Egyes\u00fclt Kir\u00e1lys\u00e1gban \u00e9vtizedekig tart\u00f3 kritik\u00e1k \u00e9s a sz\u00e9ls\u0151jobboldali szimp\u00e1ti\u00e1r\u00f3l sz\u00f3l\u00f3 h\u00edresztel\u00e9sek ut\u00e1n kezdte el \u00fajra \u00f6sszeszedni mag\u00e1t.<\/p>\n<p style=\"text-align: justify;\">&#8222;Az az \u00e1lmom, hogy beker\u00fcljek a BBC-be vagy valami hasonl\u00f3ba&#8221; &#8211; mondja Taylor. &#8222;Ezek a punkhull\u00e1mok j\u00f6nnek-mennek, \u00e9s szeretn\u00e9k a k\u00f6vetkez\u0151 nagy robban\u00e1s r\u00e9szese lenni. De nem fogunk megv\u00e1ltozni, nem fogunk k\u00f6ny\u00f6r\u00f6gni \u00e9rte. Egy ilyen, politikailag nagyon terhelt pillanatban val\u00f3sz\u00edn\u0171leg mi vagyunk mindaz, ami egy f\u00fcgg\u00f6ny m\u00f6g\u00fcl leskel\u0151d\u0151 k\u00f6z\u00e9poszt\u00e1lybeli csal\u00e1dot megr\u00e9m\u00edt.&#8221;<\/p>\n<p><iframe loading=\"lazy\" title=\"YouTube video player\" src=\"https:\/\/www.youtube.com\/embed\/SJ7-myPGguE\" width=\"560\" height=\"315\" frameborder=\"0\" allowfullscreen=\"allowfullscreen\"><\/iframe><\/p>\n<p style=\"text-align: justify;\">Amellett, hogy a Crown Court az Oi! \u00faj arca, a modern skinhead szc\u00e9na \u00e9lvonal\u00e1ba tartozik &#8211; egy olyan szubkult\u00far\u00e1\u00e9ba, amely elv\u00e1laszthatatlanul kapcsol\u00f3dik az Oi!-hoz, \u00e9s amelyet az er\u0151szakr\u00f3l \u00e9s ultranacionalizmusr\u00f3l sz\u00f3l\u00f3 c\u00edmlapoknak k\u00f6sz\u00f6nhet\u0151en \u00e9vek \u00f3ta folyamatosan gyal\u00e1znak. &#8222;Pontosan \u00edgy d\u00e9moniz\u00e1lnak&#8221; &#8211; mondja Taylor az ujjaival csettintve. &#8222;Gyorsan felt\u00e9telez\u00e9sek sz\u00fcletnek, csak az\u00e9rt, mert fiatal vagy, munk\u00e1soszt\u00e1lybeli \u00e9s skinhead. Bosszant\u00f3, de soha nem fogom megn\u00f6veszteni a hajam, \u00e9s soha nem fogom eldobni a bakancsot&#8221;.<\/p>\n<div class=\"ose-youtube ose-uid-d22f19953ce156e33db082f33f683f18 ose-embedpress-responsive\" style=\"width:560px; height:315px; max-height:315px; max-width:100%; display:inline-block;\" data-embed-type=\"Youtube\"><iframe loading=\"lazy\" allowFullScreen=\"true\" title=\"CROWN COURT - Trouble From London\" width=\"560\" height=\"315\" src=\"https:\/\/www.youtube.com\/embed\/Ebe2w2xEBOU?feature=oembed&color=red&rel=0&controls=1&start=&end=&fs=0&iv_load_policy=0&autoplay=0&mute=0&modestbranding=0&cc_load_policy=1&playsinline=1\" frameborder=\"0\" allow=\"accelerometer; encrypted-media;accelerometer;autoplay;clipboard-write;gyroscope;picture-in-picture clipboard-write; encrypted-media; gyroscope; picture-in-picture; web-share\" referrerpolicy=\"strict-origin-when-cross-origin\" allowfullscreen><\/iframe><\/div>\n<p style=\"text-align: justify;\">A <strong>Sham 69<\/strong> \u00e9s a <strong>Menace<\/strong> korai brut\u00e1lis punk dalai \u00e1ltal inspir\u00e1lt Oi! zenekarok, mint az <a href=\"https:\/\/www.theguardian.com\/music\/2021\/dec\/16\/thomas-mensi-mensforth-obituary\"><strong>Angelic Upstarts<\/strong><\/a><strong>,<\/strong> a <strong>Rejects<\/strong>, a <strong>4-Skins<\/strong> \u00e9s a <strong>Last Resort<\/strong> m\u00e9g kem\u00e9nyebbek \u00e9s agressz\u00edvabbak lettek, \u00e9s n\u00e9pszer\u0171v\u00e9 v\u00e1ltak a jogfosztott (\u00e9s gyakran munkan\u00e9lk\u00fcli) fiatalok egyre n\u00f6vekv\u0151 r\u00e9tegei k\u00f6r\u00e9ben a Margaret Thatcher-korszak els\u0151 \u00e9veiben. Voltak zenei sajt\u00f3 c\u00edmlapok, Top of the Pops szerepl\u00e9sek, <strong>John Peel<\/strong> r\u00e1di\u00f3m\u0171sor\u00e1ban j\u00e1tszott sz\u00e1mok \u00e9s Top 40-es sl\u00e1gerek. A <strong>Blitz<\/strong> nev\u0171 derbyshire-i zenekar p\u00e9ld\u00e1ul az Oi! korai \u201ezs\u00e1kutc\u00e1b\u00f3l sz\u00f3l\u00f3\u201d hangz\u00e1s\u00e1nak cs\u00facspontja lett, \u00e9s deb\u00fct\u00e1l\u00f3 albumuk beker\u00fclt a Top 30-ba.<\/p>\n<p style=\"text-align: justify;\">Ez a robban\u00e9kony, 80-as \u00e9vek eleji Oi! mozgalom &#8211; amelyben t\u00f6bb mint 40, a munk\u00e1soszt\u00e1lyhoz tartoz\u00f3 zenekar \u00e9s egy maroknyi polemiz\u00e1l\u00f3 k\u00f6lt\u0151 vett r\u00e9szt &#8211; 1981-ben gyal\u00e1zatos v\u00e9get \u00e9rt, miut\u00e1n a nyugat-londoni Southallban, ahol a<strong> 4-Skins<\/strong>, a <strong>Last Resort<\/strong> \u00e9s a <strong>Business<\/strong> is fell\u00e9pett, zavarg\u00e1sok t\u00f6rtek ki egy koncerten. A kocsm\u00e1t a f\u0151k\u00e9nt \u00e1zsiai fiatalokb\u00f3l \u00e1ll\u00f3 <strong>Southall Youth Movement<\/strong> antifasiszt\u00e1i felgy\u00fajtott\u00e1k, \u00e9s ez is r\u00e9sze volt annak a zavarg\u00e1si hull\u00e1mnak, amely azon a ny\u00e1ron Anglia belv\u00e1rosi ter\u00fcletein v\u00e9gigs\u00f6p\u00f6rt.<\/p>\n<p style=\"text-align: justify;\">Southall \u00f6r\u00f6ks\u00e9ge &#8211; 61 rend\u0151r megs\u00e9r\u00fclt \u00e9s 70 embert letart\u00f3ztattak &#8211; katasztrof\u00e1lisnak bizonyult az Oi! sz\u00e1m\u00e1ra. A koncertet egyesek sz\u00e1nd\u00e9kos provok\u00e1ci\u00f3k\u00e9nt \u00e9rtelmezt\u00e9k London egyik legsoksz\u00edn\u0171bb ter\u00fclet\u00e9n. Nem volt titok, hogy az Oi! szc\u00e9n\u00e1ban volt egy hangos \u00e9s er\u0151szakos rasszista elem, amely gyakran a Nemzeti Fronthoz vagy a Brit Mozgalomhoz k\u00f6t\u0151d\u00f6tt. A Southall Youth Movement 1976-ban alakult, miut\u00e1n egy helyi tin\u00e9dzsert egy Nemzeti Front \u00e1ltal inspir\u00e1lt banda tagjai megk\u00e9seltek. 1979-ben <strong>Blair Peach<\/strong> antirasszista t\u00fcntet\u0151 <a href=\"https:\/\/www.theguardian.com\/uk-news\/2019\/apr\/21\/southall-demands-justice-killing-of-blair-peach-1979\">meghalt egy zavarg\u00e1sban<\/a>, amely akkor t\u00f6rt ki, amikor a Nemzeti Front \u00fagy d\u00f6nt\u00f6tt, hogy v\u00e1laszt\u00e1si gy\u0171l\u00e9st tart a k\u00f6rny\u00e9ken. Az Oi! koncert \u00e9jszak\u00e1j\u00e1n besz\u00e1mol\u00f3k szerint skinheadek gar\u00e1zd\u00e1lkodtak a helyi \u00fczletekben, n\u0151k \u00e9s id\u0151sek b\u00e1ntalmaz\u00e1s\u00e1r\u00f3l, ablakok bet\u00f6r\u00e9s\u00e9r\u0151l, rasszista jelszavak skand\u00e1l\u00e1s\u00e1r\u00f3l \u00e9s \u00e9p\u00fcletekre festett rasszista feliratokr\u00f3l sz\u00f3ltak a h\u00edrek.<\/p>\n<p style=\"text-align: justify;\">Az esetr\u0151l sz\u00f3l\u00f3 sajt\u00f3visszhang, bele\u00e9rtve az NME el\u00edt\u00e9l\u0151 c\u00edmlapsztorij\u00e1t is, az Oi! zenekarokat \u00e9s rajong\u00f3ikat sz\u00e9ls\u0151jobboldali szimpatiz\u00e1nsoknak \u00e1ll\u00edtotta be. A benyom\u00e1st tov\u00e1bb er\u0151s\u00edtette a Sounds zenei hetilap \u00e1ltal \u00f6ssze\u00e1ll\u00edtott <em>Strength Thru Oi!<\/em> c\u00edm\u0171 v\u00e1logat\u00e1salbum. \u00d6ssze\u00e1ll\u00edt\u00f3ja, <strong>Garry Bushell<\/strong> zenei \u00fajs\u00e1g\u00edr\u00f3 azt \u00e1ll\u00edtotta, hogy nem volt tudat\u00e1ban annak, hogy az album c\u00edme hasonl\u00edt a n\u00e1ci Strength Through Joy szlogenre (szerinte a Skids egyik lemez\u00e9nek c\u00edm\u00e9re hajazott), de a sajt\u00f3 nem \u00edgy l\u00e1tta, k\u00fcl\u00f6n\u00f6sen, amikor a Strength Thru Oi bor\u00edt\u00f3j\u00e1n l\u00e1that\u00f3 fiatal skinheadr\u0151l kider\u00fclt, hogy az<strong> Nicky Crane<\/strong>, a British Movement sz\u00e9ls\u0151jobboldali mozgalom ismert tagja, aki akkoriban m\u00e1r n\u00e9gy \u00e9vet \u00fclt faji ind\u00edttat\u00e1s\u00fa testi s\u00e9rt\u00e9s\u00e9rt. A Daily Mail azzal v\u00e1dolta a Soundsot, amely akkoriban kezdte t\u00falsz\u00e1rnyalni az NME-t, hogy a &#8222;gy\u0171l\u00f6let skinhead bibli\u00e1ja&#8221;.<\/p>\n<p style=\"text-align: justify;\">&#8222;Neh\u00e9z lenne \u00fagy \u00edrni az Oi!-r\u00f3l, hogy ne eml\u00edten\u00e9nk meg Southallt vagy a Strength Thru Oi! bor\u00edt\u00f3j\u00e1t&#8221; &#8211; mondja Matt Worley, a Readingi Egyetem modern t\u00f6rt\u00e9nelem professzora, aki sokat \u00edrt a t\u00e9m\u00e1r\u00f3l. &#8222;Ez szerves r\u00e9sze a t\u00f6rt\u00e9nelemnek, de ha ez v\u00e1lik az Oi! meghat\u00e1roz\u00f3 t\u00e9nyez\u0151j\u00e9v\u00e9, akkor nem l\u00e1tjuk a teljes k\u00e9pet.&#8221;<\/p>\n<p style=\"text-align: justify;\">Val\u00f3j\u00e1ban t\u00f6bb Oi!-hoz k\u00f6t\u0151d\u0151 zenekar <a href=\"https:\/\/www.theguardian.com\/music\/2022\/aug\/23\/death-threats-rock-against-racism-fascism-national-front-clash-rar\">akt\u00edvan fell\u00e9pett a<\/a> rajong\u00f3i b\u00e1zisuk <a href=\"https:\/\/www.theguardian.com\/music\/2022\/aug\/23\/death-threats-rock-against-racism-fascism-national-front-clash-rar\">rasszista <\/a>elemei<a href=\"https:\/\/www.theguardian.com\/music\/2022\/aug\/23\/death-threats-rock-against-racism-fascism-national-front-clash-rar\"> ellen<\/a>: A Sham 69 j\u00e1tszott a <a href=\"https:\/\/www.theguardian.com\/music\/2015\/sep\/06\/rock-against-racism-book-syd-shelton-clash\">Rock Against Racism<\/a> rendezv\u00e9nyen, az Angelic Upstarts (a Their Destiny Is Coming c\u00edm\u0171 sz\u00e1mmal) \u00e9s a Blitz (Propaganda) NF-ellenes dalokat vett fel, \u00e9s a rasszizmus-elleness\u00e9g kifejezetten jelen volt az Oi!-versek nagy r\u00e9sz\u00e9ben, p\u00e9ld\u00e1ul <strong>Garry Johnson<\/strong> United c\u00edm\u0171 vers\u00e9ben, amely az 1981-es Carry On Oi! v\u00e1logat\u00e1son szerepelt. &#8222;Az Oi! nem volt eredend\u0151en rasszista vagy neon\u00e1ci szc\u00e9na; f\u0151 f\u00f3kusza a munk\u00e1soszt\u00e1ly volt, \u00e9s sokan voltak benne, akik baloldali be\u00e1ll\u00edtotts\u00e1g\u00fanak vallott\u00e1k magukat &#8221; &#8211; mondja Worley. &#8222;Term\u00e9szetesen sok volt a hazafis\u00e1g \u00e9s a z\u00e1szl\u00f3lenget\u00e9s, de m\u00e9g ezt is gyakran oszt\u00e1lyfogalmakkal fogalmazt\u00e1k meg. \u00dagy t\u0171nt, senki sem figyelt val\u00f3j\u00e1ban a zen\u00e9re vagy arra, amit a zenekarok a sajt\u00f3ban mondtak. Csak kivet\u00edtett\u00e9k az el\u0151\u00edt\u00e9leteiket az Oi!-ra.&#8221;<\/p>\n<p><div class=\"ose-youtube ose-uid-244cc38ee0fbf452200daeea6f29bb4e ose-embedpress-responsive\" style=\"width:560px; height:315px; max-height:315px; max-width:100%; display:inline-block;\" data-embed-type=\"Youtube\"><iframe loading=\"lazy\" allowFullScreen=\"true\" title=\"Blitz - Propaganda\" width=\"560\" height=\"315\" src=\"https:\/\/www.youtube.com\/embed\/dF6IBkD_E3I?feature=oembed&color=red&rel=0&controls=1&start=&end=&fs=0&iv_load_policy=0&autoplay=0&mute=0&modestbranding=0&cc_load_policy=1&playsinline=1\" frameborder=\"0\" allow=\"accelerometer; encrypted-media;accelerometer;autoplay;clipboard-write;gyroscope;picture-in-picture clipboard-write; encrypted-media; gyroscope; picture-in-picture; web-share\" referrerpolicy=\"strict-origin-when-cross-origin\" allowfullscreen><\/iframe><\/div><\/p>\n<p style=\"text-align: justify;\">Taylor t\u00f6m\u00f6ren \u00f6sszegez: &#8222;Azt hiszem, sok r\u00e9gebbi arcot m\u00e1r piszkosul meg\u00e9gettek&#8221; &#8211; mondja. &#8222;Ismerek n\u00e9h\u00e1ny nagyon j\u00f3 \u00f6regembert abb\u00f3l a korszakb\u00f3l.&#8221; Ami az elef\u00e1ntot illeti a szob\u00e1ban, a Taylor hangj\u00e1ban \u00e9rezhet\u0151 s\u00e9rtetts\u00e9g elmondja a maga t\u00f6rt\u00e9net\u00e9t. R\u00e1mutat, hogy az \u00e9szak-londoni Tottenhamben, karibi \u00e9s t\u00f6r\u00f6k k\u00f6z\u00f6ss\u00e9gek k\u00f6z\u00f6tt n\u0151tt fel, csal\u00e1dtagjai g\u00f6r\u00f6g\u00f6k \u00e9s jamaikaiak: &#8222;N\u00e9zd, \u00e9n semmilyen politikai ir\u00e1nyba nem hajlok, semmilyen form\u00e1ban. \u00c9n \u00e9s a haverjaim mind nagyon k\u00fcl\u00f6nb\u00f6z\u0151 etnikai h\u00e1tt\u00e9rrel rendelkez\u00fcnk. Nem t\u0171rj\u00fck a h\u00fclyes\u00e9geket.&#8221;<\/p>\n<p style=\"text-align: justify;\">Worley sz\u00e1m\u00e1ra az Oi! meghat\u00e1roz\u00f3 eleme tov\u00e1bbra is az oszt\u00e1ly\u00f6ntudat. &#8222;Az oszt\u00e1lyidentit\u00e1s az a dolog, ami \u00e1tl\u00e9pi a hat\u00e1rokat, \u00e9s ami miatt jelenleg vil\u00e1gszerte, p\u00e9ld\u00e1ul K\u00edn\u00e1ban \u00e9s Tajvanon is vannak Oi! sz\u00ednterek&#8221; &#8211; mondja Worley. &#8222;Ez minden Oi! zenekart \u00f6sszek\u00f6t.&#8221;<\/p>\n<p style=\"text-align: justify;\">A kutakod\u00e1s egy val\u00f3ban megind\u00edt\u00f3 erej\u0171, munk\u00e1soszt\u00e1lybeli git\u00e1rzenekar ut\u00e1n mindig \u00f6r\u00f6kz\u00f6ld t\u00e9ma. Noel Gallagher &#8222;a rock k\u00f6z\u00e9poszt\u00e1lybeli lett&#8221; tir\u00e1d\u00e1it\u00f3l kezdve a Telegraph &#8222;A nagy munk\u00e1soszt\u00e1lybeli rockzenekar visszat\u00e9r\u00e9se&#8221; c\u00edm\u0171 cikk\u00e9ig, amely a <strong>Chats<\/strong> \u00e9s az<strong> Amyl and the Sniffers<\/strong> ausztr\u00e1l punkzenekarokra koncentr\u00e1lt, sokan \u00edrtak m\u00e1r a t\u00e9m\u00e1ban.<\/p>\n<blockquote>\n<p style=\"text-align: justify;\">Ha veszel egy Crown Court-sz\u00f6veget &#8211; leh\u0171t\u00f6d \u00e9s sz\u00e9tszeded a szavakat \u2013 akkor az mind olyasmi, ami megt\u00f6rt\u00e9nt az \u00e9letemben.<br \/>\n<em>-Trevor Taylor<\/em><\/p>\n<\/blockquote>\n<p style=\"text-align: justify;\">Taylor nem fog mer\u00e9sz \u00e1ll\u00edt\u00e1sokba bocs\u00e1tkozni a Crown Courtr\u00f3l, de tiszt\u00e1ban van azzal, hogy a l\u00e9gk\u00f6r az \u0151 ir\u00e1nyukba v\u00e1ltozik. &#8222;Szeretem a Chats-et \u00e9s az Amylt&#8221; &#8211; mondja. &#8222;Tetszik, hogy fel\u00e9nk tolj\u00e1k az ing\u00e1t, de \u0151k nem mel\u00f3s zene. Nem k\u00f6veti \u0151ket Kev a kocsm\u00e1b\u00f3l, aki csak egy s\u00f6rre \u00e9s nevet\u00e9sre v\u00e1gyik egy h\u00e9t fest\u00e9s \u00e9s dekor\u00e1l\u00e1s ut\u00e1n. Szerintem ahhoz, hogy valami igaz\u00e1n munk\u00e1soszt\u00e1lybeli rock&#8217;n&#8217;roll zenekar vagy mozgalom legyen, kell ez a kapcsolat.&#8221; P\u00e9ldak\u00e9nt eml\u00edti <strong>Liam Gallagher<\/strong> legut\u00f3bbi <a href=\"https:\/\/www.theguardian.com\/music\/2022\/jun\/04\/liam-gallagher-review-knebworth-return-shows-britpop-isnt-timeless\">knebworth-i koncertj\u00e9t<\/a>, amelyen r\u00e9szt vett. &#8222;A t\u00f6meg nagy r\u00e9sze fiatal fociszurkol\u00f3 sr\u00e1cokb\u00f3l \u00e1llt, akik teljesen megmentek&#8221; &#8211; mondja.<\/p>\n<p style=\"text-align: justify;\">A labdar\u00fag\u00e1s\u00e9rt meg\u0151r\u00fcl\u0151 sr\u00e1cok \u00e9s a labdar\u00fag\u00e1ssal kapcsolatos er\u0151szakos cselekedetek er\u0151sen k\u00f6t\u0151dtek az Oi!-szc\u00e9n\u00e1hoz. Taylor r\u00e9g\u00f3ta ismert arca a modernkori Tottenham fanatikus k\u00f6vet\u0151inek. &#8222;Sz\u00e1momra ez ott egy csal\u00e1d, \u00e9s abszol\u00fat semmi\u00e9rt nem cser\u00e9ln\u00e9m el&#8221; &#8211; mondja. &#8222;Ez az \u00e9letem.&#8221; \u00c9s mint n\u00e9h\u00e1ny eredeti Oi! zenekarnak, a Crown Courtnak is van egy-k\u00e9t dala, amelyek a meccseken a riv\u00e1lis szurkol\u00f3k k\u00f6z\u00f6tti er\u0151szakos cselekedetekr\u0151l sz\u00f3lnak. A d\u00fch, amit Taylor ezekben a dalokban megid\u00e9z, katartikus, szinte k\u00e9ts\u00e9gbeesett \u00fcv\u00f6lt\u00e9sk\u00e9nt szolg\u00e1l.<\/p>\n<p style=\"text-align: justify;\">&#8222;Ez \u0151r\u00fclts\u00e9g, tudom&#8221; &#8211; mondja. &#8222;De ez nem arr\u00f3l sz\u00f3l, hogy a mellkasomat verem, \u00e9s pr\u00f3b\u00e1lok a legnagyobb gorilla lenni, ez csak az \u00e9n t\u00f6rt\u00e9netem. A t\u00f6rt\u00e9nelem egyik legfontosabb embere, <strong>Joe Strummer<\/strong> azt mondta: &#8222;\u00c9nekelj arr\u00f3l, amit tudsz&#8221;. Ha meghallgatsz egy Crown Court-sz\u00f6veget, leh\u0171t\u00f6d \u00e9s sz\u00e9tszeded a szavakat, ez mind olyasmi, ami az \u00e9letemben t\u00f6rt\u00e9nt. Nincs olyan, amit ne \u00fagy \u00edrtam volna, hogy ne b\u00f3lintottam volna r\u00e1, vagy ne kacsintottam volna r\u00e1, vagy ne lett volna teljes magyar\u00e1zat arra, hogy mit is csin\u00e1ltam akkoriban&#8221;.&#8221;<\/p>\n<p style=\"text-align: justify;\">Taylor 15 \u00e9ves kora \u00f3ta van jelen a nemzetk\u00f6zi Oi! sz\u00ednt\u00e9ren, a Crown Courtot pedig tizen\u00e9ves kor\u00e1ban hozta \u00f6ssze. &#8222;Az Oi! egy nagyon \u00e1ll\u00f3vizes szakasz\u00e1n\u00e1l l\u00e9pt\u00fcnk be&#8221; &#8211; mondja &#8211; &#8222;\u00e9s megpr\u00f3b\u00e1ltuk visszaadni a rock&#8217;n&#8217;roll \u00e9let\u00e9rz\u00e9st. Nem akarok rosszat mondani az akkori sz\u00ednt\u00e9ren l\u00e9v\u0151kr\u0151l, mert \u0151k rohadtul t\u00e1mogatt\u00e1k a zenekarunkat, de t\u00fals\u00e1gosan csiszolt volt ahhoz, amit mi akartunk. Szerett\u00fck a 80-as \u00e9vekbeli band\u00e1kat: a Rejects-et, a Business-t \u00e9s a Last Resort-ot. Szerett\u00fck a mocskosat, a piszkosat, a cs\u00fany\u00e1t: olyan zen\u00e9t, ami t\u00fckr\u00f6zte azt, ahonnan j\u00f6tt\u00fcnk. Ezt akartuk visszak\u00f6pni.&#8221;<\/p>\n<p style=\"text-align: justify;\">Taylor sok inspir\u00e1ci\u00f3t mer\u00edtett a Templarsb\u00f3l, a t\u00f6bbnemzetis\u00e9g\u0171 New York-i zenekarb\u00f3l, amely a 90-es \u00e9vekben \u00fajj\u00e1\u00e9lesztette az Oi! szc\u00e9n\u00e1t Amerik\u00e1ban, \u00e9s sokat tett a sz\u00ednt\u00e9r \u00e9letben tart\u00e1s\u00e1\u00e9rt. &#8222;A mai napig az USA legnagyobb Oi! zenekara&#8221; &#8211; mosolyog Taylor. &#8222;Ha m\u00e1r a rock&#8217;n&#8217;roll \u00e9s a grit and grime visszahoz\u00e1s\u00e1r\u00f3l besz\u00e9l\u00fcnk&#8230; hatalmas hat\u00e1ssal vannak r\u00e1nk&#8221;.<\/p>\n<p style=\"text-align: justify;\">A korai, kirobban\u00f3 koncertek \u00e9s az er\u0151teljes No Paradise kislemez (&#8222;Egy himnusz a lak\u00f3telepen val\u00f3 feln\u0151tt\u00e9 v\u00e1l\u00e1sr\u00f3l \u00e9s arr\u00f3l, hogy ez a szar k\u00f6vet t\u00e9ged&#8221;, mondja Taylor) ut\u00e1n l\u00e1tt\u00e1k, hogy a Crown Court inspir\u00e1lja a &#8222;brit Oi! \u00faj hull\u00e1m\u00e1nak&#8221; kezdeteit. Taylor azonban felf\u00fcggesztette a zenekart, \u00e9s jelentkezett a brit hadseregbe. Belfastban \u00e1llom\u00e1sozott, \u00e9s ez a tapasztalat befoly\u00e1solta a <em>Capital Offence<\/em> egyik leger\u0151teljesebb dal\u00e1t, a <em>The Province<\/em>-t.<\/p>\n<p style=\"text-align: justify;\">A lend\u00fclet, amit a Capital Offence adott a Crown Courtnak, hirtelen meg\u00e1llt az els\u0151 hossz\u00fa Covid-z\u00e1rlat alatt, nem utols\u00f3sorban az\u00e9rt, mert a zenekar h\u00e1rom tagja kil\u00e9pett, kett\u0151 \u00faj zenekarok alap\u00edt\u00e1sa miatt: a <strong>Chisel<\/strong> \u00e9s a<strong> Chubby &amp; the Gang<\/strong> miatt. Ut\u00f3bbi az\u00f3ta jelent\u0151s h\u00edrnevet szerzett, elismert deb\u00fct\u00e1l\u00f3 albumot adtak ki, \u00e9s nemr\u00e9g Jack White el\u0151tt l\u00e9ptek fel. &#8222;A hardcore szc\u00e9n\u00e1b\u00f3l j\u00f6ttek, \u00e9s k\u00e9ts\u00e9gbeesetten szerettek volna k\u00f6t\u0151dni a londoni Oi! szc\u00e9n\u00e1hoz, \u00e9n pedig ezt boldogan el\u0151seg\u00edtettem&#8221; &#8211; mondja Taylor egykori bandat\u00e1rsair\u00f3l. &#8222;Nem az\u00e9rt vagyok itt, hogy szars\u00e1gokat besz\u00e9ljek, sz\u00f3val, figyelj: ha Oi! zen\u00e9t akarsz j\u00e1tszani, gy\u0151z\u0151dj meg r\u00f3la, hogy olyan h\u00e1tt\u00e9rrel rendelkezel, amely val\u00f3ban t\u00e1mogatja az Oi! zen\u00e9t. Ne j\u00f6jjetek hozz\u00e1m, mint egy k\u00f6z\u00e9poszt\u00e1lybeli k\u00f6cs\u00f6g, \u00e9s ne pr\u00f3b\u00e1ljatok olyasvalami lenni, ami nem vagytok; ez minden, amit err\u0151l mondani tudok.&#8221;<\/p>\n<div class=\"ose-youtube ose-uid-65c0e8294cef6570c064c4bfc6bd324d ose-embedpress-responsive\" style=\"width:560px; height:315px; max-height:315px; max-width:100%; display:inline-block;\" data-embed-type=\"Youtube\"><iframe loading=\"lazy\" allowFullScreen=\"true\" title=\"Chubby and the Gang \/\/ Getting Beat Again\" width=\"560\" height=\"315\" src=\"https:\/\/www.youtube.com\/embed\/Vd0QgAPwa20?feature=oembed&color=red&rel=0&controls=1&start=&end=&fs=0&iv_load_policy=0&autoplay=0&mute=0&modestbranding=0&cc_load_policy=1&playsinline=1\" frameborder=\"0\" allow=\"accelerometer; encrypted-media;accelerometer;autoplay;clipboard-write;gyroscope;picture-in-picture clipboard-write; encrypted-media; gyroscope; picture-in-picture; web-share\" referrerpolicy=\"strict-origin-when-cross-origin\" allowfullscreen><\/iframe><\/div>\n<p style=\"text-align: justify;\">A Crown Court 2021-es, pandemikus visszat\u00e9r\u0151 kislemeze, a Sect Fifty Nine meger\u0151s\u00edtette st\u00e1tuszukat a brit Oi! zenekarok \u00faj felvon\u00e1sa k\u00f6z\u00f6tt, mint p\u00e9ld\u00e1ul a Grade 2 \u00e9s a Clobber, ami a n\u00f6vekv\u0151 hardcore\/Oi! \u00e1tfed\u00e9s egyik remek p\u00e9ld\u00e1ja. &#8222;A dal arr\u00f3l sz\u00f3l, hogy padl\u00f3g\u00e1zzal \u00f6r\u00f6mt\u00far\u00e1kra megyek, tudv\u00e1n, hogy a kamer\u00e1k felveszik a rendsz\u00e1mt\u00e1bl\u00e1t&#8221; &#8211; mondja Taylor. A 2022-es ny\u00e1ri, Roughed Up nev\u0171 mell\u00e9kprojektj\u00e9nek EP-je megmutatta a kontroll\u00e1lt zenei agresszi\u00f3hoz \u00e9s a kommersz dallamokhoz val\u00f3 n\u00f6vekv\u0151 tehets\u00e9g\u00e9t.<\/p>\n<p style=\"text-align: justify;\">B\u00e1r az Oi! ir\u00e1nti ellenszenv tov\u00e1bbra is megmaradt, a sz\u00ednt\u00e9r \u00e9l \u00e9s virul. A legt\u00f6bb jelent\u0151s brit zenekar \u00fajraalakult, \u00e9s vil\u00e1gszerte elismer\u0151 k\u00f6z\u00f6ns\u00e9g el\u0151tt j\u00e1tszik. A londoni Cock Sparrer nemr\u00e9g \u00fcnnepelte 50. \u00e9vfordul\u00f3j\u00e1t k\u00e9t telth\u00e1zas esttel az \u00e9szak-londoni Roundhouse-ban. Az \u00e9vente megrendezett punk\/Oi! fesztiv\u00e1l, a Rebellion sok ezer embert vonz, m\u00edg az Oi Oi The Shop az \u00e9szak-londoni Camden Marketben egy pozit\u00edv, vir\u00e1gz\u00f3 k\u00f6zpont. M\u00e9g megd\u00f6bbent\u0151bbek a vil\u00e1gszerte, k\u00fcl\u00f6n\u00f6sen Franciaorsz\u00e1gban, az Egyes\u00fclt \u00c1llamokban, D\u00e9l-Amerik\u00e1ban \u00e9s D\u00e9lkelet-\u00c1zsi\u00e1ban fellend\u00fcl\u0151 Oi! szc\u00e9n\u00e1k.<\/p>\n<p style=\"text-align: justify;\">A j\u00f6v\u0151 \u00e9v elej\u00e9n megjelen\u0151 \u00faj albummal \u00e9s egy amerikai turn\u00e9val a sorban Taylor band\u00e1ja a leges\u00e9lyesebb arra, hogy kit\u00f6rj\u00f6n az undergroundb\u00f3l; \u0151k azok, akik bebizony\u00edtj\u00e1k, hogy az Oi! nem f\u00e9lnival\u00f3. B\u00e1r tal\u00e1n jobb, ha nem k\u00e9nyelmesed\u00fcnk el t\u00fals\u00e1gosan. &#8222;Mindenki forradalm\u00e1r\u00e9rt ki\u00e1lt, de senki nem akar forradalmat&#8221; &#8211; mondja Taylor. &#8222;Anglia nem szereti a munk\u00e1soszt\u00e1ly felhatalmaz\u00e1s\u00e1t. Mi a t\u00e1rsadalmuk mocska vagyunk. Ha a kedves, garn\u00e9lar\u00e1kos-szendvicses csal\u00e1dok megl\u00e1tn\u00e1k, hogy arr\u00f3l \u00e9nekelek, hogy egy \u00e9jszakai buszon sz\u00e9tr\u00fagnak a faszba, elrejten\u00e9k a gyerekeiket.&#8221;<\/p>\n<p style=\"text-align: justify;\"><em>Mit kaptunk?Az Oi! t\u00f6rt\u00e9nete! c\u00edm\u0171 k\u00f6nyv\u00e9t Simon Spence \u00edrta, \u00e9s j\u00f6v\u0151re jelenik meg az Omnibus kiad\u00f3n\u00e1l.<\/em><\/p>\n<p style=\"text-align: justify;\">Ezt a cikket 2022. november 25-\u00e9n m\u00f3dos\u00edtott\u00e1k, hogy tiszt\u00e1zz\u00e1k a Blair Peach hal\u00e1l\u00e1val kapcsolatos k\u00f6r\u00fclm\u00e9nyekre vonatkoz\u00f3 utal\u00e1st.<\/p>\n<p style=\"text-align: justify;\">Ez a cikk a<a href=\"https:\/\/www.theguardian.com\/music\/2022\/nov\/19\/crown-court-uk-punk-band-resurrecting-oi-movement-interview\" target=\"_blank\" rel=\"noopener\"> The Guardians<\/a> has\u00e1bjain jelent meg. Ford\u00edt\u00e1s \u00e9s lektor\u00e1l\u00e1s D\u00e1d\u00f3.<\/p>\n<div id=\"simple-translate\" class=\"simple-translate-system-theme\">\n<div>\n<div class=\"simple-translate-button isShow\" style=\"background-image: url('moz-extension:\/\/b810f8d5-d4d0-4146-b59f-d28ce2b2161f\/icons\/512.png'); height: 22px; width: 22px; top: 3737px; left: 85px;\"><\/div>\n<div class=\"simple-translate-panel \" style=\"width: 300px; height: 200px; top: 0px; left: 0px; font-size: 13px;\">\n<div class=\"simple-translate-result-wrapper\" style=\"overflow: hidden;\">\n<div class=\"simple-translate-move\" draggable=\"true\"><\/div>\n<div class=\"simple-translate-result-contents\"><\/div>\n<\/div>\n<\/div>\n<\/div>\n<\/div>\n","protected":false},"excerpt":{"rendered":"<div class=\"mh-excerpt\"><p>A hardcore mozgalom a munk\u00e1soszt\u00e1ly d\u00fch\u00e9b\u0151l n\u0151tte ki mag\u00e1t a 70-es \u00e9vek v\u00e9g\u00e9n, de a rasszista agresszi\u00f3 megfert\u0151zte. Most a zenekarok egy \u00faj hull\u00e1ma \u00e9leszti <a class=\"mh-excerpt-more\" href=\"https:\/\/rudetown.hu\/?p=3502\" title=\"&#8216;Mi testes\u00edt\u00fcnk meg mindent, amit\u0151l a kispolg\u00e1rok rettegnek\u201d: zenekarok, akik felt\u00e1masztj\u00e1k az Oi! szellem\u00e9t.\">[&#8230;]<\/a><\/p>\n<\/div>","protected":false},"author":1,"featured_media":3506,"comment_status":"closed","ping_status":"open","sticky":false,"template":"","format":"standard","meta":{"footnotes":""},"categories":[7,5,4],"tags":[283,74,59],"class_list":["post-3502","post","type-post","status-publish","format-standard","has-post-thumbnail","hentry","category-interjuk","category-magazin","category-osszes_hir","tag-crown-court","tag-oi-3","tag-skinhead"],"_links":{"self":[{"href":"https:\/\/rudetown.hu\/index.php?rest_route=\/wp\/v2\/posts\/3502","targetHints":{"allow":["GET"]}}],"collection":[{"href":"https:\/\/rudetown.hu\/index.php?rest_route=\/wp\/v2\/posts"}],"about":[{"href":"https:\/\/rudetown.hu\/index.php?rest_route=\/wp\/v2\/types\/post"}],"author":[{"embeddable":true,"href":"https:\/\/rudetown.hu\/index.php?rest_route=\/wp\/v2\/users\/1"}],"replies":[{"embeddable":true,"href":"https:\/\/rudetown.hu\/index.php?rest_route=%2Fwp%2Fv2%2Fcomments&post=3502"}],"version-history":[{"count":6,"href":"https:\/\/rudetown.hu\/index.php?rest_route=\/wp\/v2\/posts\/3502\/revisions"}],"predecessor-version":[{"id":3513,"href":"https:\/\/rudetown.hu\/index.php?rest_route=\/wp\/v2\/posts\/3502\/revisions\/3513"}],"wp:featuredmedia":[{"embeddable":true,"href":"https:\/\/rudetown.hu\/index.php?rest_route=\/wp\/v2\/media\/3506"}],"wp:attachment":[{"href":"https:\/\/rudetown.hu\/index.php?rest_route=%2Fwp%2Fv2%2Fmedia&parent=3502"}],"wp:term":[{"taxonomy":"category","embeddable":true,"href":"https:\/\/rudetown.hu\/index.php?rest_route=%2Fwp%2Fv2%2Fcategories&post=3502"},{"taxonomy":"post_tag","embeddable":true,"href":"https:\/\/rudetown.hu\/index.php?rest_route=%2Fwp%2Fv2%2Ftags&post=3502"}],"curies":[{"name":"wp","href":"https:\/\/api.w.org\/{rel}","templated":true}]}}