{"id":336,"date":"2012-03-09T10:05:06","date_gmt":"2012-03-09T10:05:06","guid":{"rendered":"http:\/\/rudetown.hu\/?p=336"},"modified":"2012-03-09T10:05:06","modified_gmt":"2012-03-09T10:05:06","slug":"ceanna-interju","status":"publish","type":"post","link":"https:\/\/rudetown.hu\/?p=336","title":{"rendered":"C\u00e9Anna interj\u00fa"},"content":{"rendered":"<p style=\"text-align: justify;\"><strong><a href=\"https:\/\/rudetown.hu\/wp-content\/uploads\/2012\/03\/188832_170357599681615_128504140533628_400402_2370729_n.jpg\"><img loading=\"lazy\" decoding=\"async\" class=\"alignleft size-thumbnail wp-image-345\" style=\"margin: 5px;\" title=\"188832_170357599681615_128504140533628_400402_2370729_n\" src=\"https:\/\/rudetown.hu\/wp-content\/uploads\/2012\/03\/188832_170357599681615_128504140533628_400402_2370729_n-150x150.jpg\" alt=\"\" width=\"150\" height=\"150\" \/><\/a>V\u00e9gre el\u00e9rkezt\u00fcnk oda, hogy az oldalunkon saj\u00e1t interj\u00fat k\u00f6z\u00f6lj\u00fcnk le. Megmondom \u0151szint\u00e9n, nem volt k\u00e9rd\u00e9s ki legyen az els\u0151 alanyom, miut\u00e1n meghallottam a The Mighty Fishers aranyhang\u00fa \u00e9nekesn\u0151j\u00e9t, C\u00e9Anne-t \u00e9nekelni. \u00a0Anna a magyar reggae \u00e9let tal\u00e1n az egyik legakt\u00edvabb n\u0151i szerepl\u0151je, amit a zenekarjai sz\u00e1mai is mutat.<!--more--> <\/strong><\/p>\n<p style=\"text-align: justify;\">&nbsp;<\/p>\n<p style=\"text-align: justify;\">&nbsp;<\/p>\n<p style=\"text-align: justify;\"><strong>RootsRocker: Fogadni merek m\u00e1r az iskol\u00e1ban is k\u00f6zkedvelt \u00e9nekese volt\u00e1l az \u00fcnnepi el\u0151ad\u00e1soknak. Mikor indult az \u00e9nekesi p\u00e1lyafut\u00e1sod?<\/strong><\/p>\n<p style=\"text-align: justify;\">C\u00e9Anne:\u00a0Mindig is tanultam zen\u00e9t, 15 \u00e9ves koromt\u00f3l \u00e9nektan\u00e1rhoz j\u00e1rtam. Az els\u0151 &#8222;komolyabb&#8221; fell\u00e9p\u00e9sem a SZIN-en volt a soundsystem medenc\u00e9ben. Nagyj\u00e1b\u00f3l itt kezd\u0151d\u00f6tt, illetve mikor a Lad\u00e1nybene Judge day riddim lemeze megjelent. Persze gimis rendezv\u00e9nyeken is daloltam m\u00e1r el\u0151tte. \ud83d\ude42<\/p>\n<p style=\"text-align: justify;\"><strong>RootsRocker: Mikor \u00e9s hogyan ismerkedt\u00e9l meg a reggae zen\u00e9vel? <\/strong><\/p>\n<p style=\"text-align: justify;\">C\u00e9Anne: Kb. 10 \u00e9ves koromban, a Reggae Campen, ahov\u00e1 apuk\u00e1mmal mentem \u00e9s megy\u00fcnk az \u00f3ta is minden \u00e9vben. Ha j\u00f3l eml\u00e9kszem, Alpha Blondy volt az els\u0151, akit hallgattam.<\/p>\n<p style=\"text-align: justify;\"><strong>RootsRocker: Kik inspir\u00e1lnak a sz\u00f6veg\u00edr\u00e1sban \u00e9s, kik azok az el\u0151ad\u00f3k, akiket nap, mint nap hallgatsz?<\/strong><\/p>\n<p style=\"text-align: justify;\">C\u00e9Anne: Szeretem az er\u0151s n\u0151i el\u0151ad\u00f3kat, nem kifejezetten csak reggae vonalon: legeslegnagyobb kedvencem Nneka, \u0151 inspir\u00e1l zeneileg \u00e9s sz\u00f6vegileg is, szerintem hallani is lehet sokszor. Azt\u00e1n Ayo, Selah Sue, illetve a nagy\u00f6regek, Lauryn Hill, Erykah Badu. Amy Winehouse-t is im\u00e1dom. Valamint ha f\u00e9rfi \u00e9s reggae, akkor Dennis Brown forever.<\/p>\n<p style=\"text-align: center;\"><img loading=\"lazy\" decoding=\"async\" class=\"aligncenter size-full wp-image-347\" title=\"ceanne 1\" src=\"https:\/\/rudetown.hu\/wp-content\/uploads\/2012\/03\/ceanne-11.jpg\" alt=\"\" width=\"504\" height=\"337\" srcset=\"https:\/\/rudetown.hu\/wp-content\/uploads\/2012\/03\/ceanne-11.jpg 720w, https:\/\/rudetown.hu\/wp-content\/uploads\/2012\/03\/ceanne-11-300x200.jpg 300w\" sizes=\"auto, (max-width: 504px) 100vw, 504px\" \/><\/p>\n<p style=\"text-align: justify;\"><strong>RootsRocker: A Dubaku- PASO \u2013 The Three Teadies h\u00e1rmasb\u00f3l b\u0151 f\u00e9l\u00e9ve megalakult a The Mighty Fishers form\u00e1ci\u00f3, ami valljuk be, el\u00e9gg\u00e9 hamar be is robbant a k\u00f6ztudatba. K\u00fclf\u00f6ldi ismer\u0151seim sok pozit\u00edv kritik\u00e1val \u00e9ltetik. Szerinted be tudtok vele ind\u00edtani egy rocksteady sz\u00ednteret itthon, mennyire l\u00e1tn\u00e1d \u00e9leter\u0151snek idehaza?<\/strong><\/p>\n<p style=\"text-align: justify;\">C\u00e9Anne: Im\u00e1dom a Mighty-t, nagyon hat\u00e9konyan dolgozunk egy\u00fctt. Eddig k\u00e9t koncert\u00fcnk volt itthon, \u00e9s enn\u00e9l j\u00f3val t\u00f6bb k\u00fclf\u00f6ld\u00f6n, valamint tele van a napt\u00e1runk jobbn\u00e1l jobb eur\u00f3pai bulikkal, sz\u00f3val hamarosan megindulunk&#8230; de term\u00e9szetesen lesznek itthoni koncertek is. Neh\u00e9z itthon a helyzet, azt l\u00e1tom, p\u00e1r kilom\u00e9terrel arr\u00e9bb r\u00e1mozdulnak a j\u00f3 zen\u00e9re, f\u00fcggetlen\u00fcl att\u00f3l, hogy tudj\u00e1k-e mi is az a rocksteady. Itthon idegenkednek att\u00f3l, amit nem ismernek annyira. De bizakod\u00f3ak vagyunk. \ud83d\ude42<\/p>\n<p style=\"text-align: justify;\"><strong>RootsRocker: El\u00e9gg\u00e9 sok zenekarban munk\u00e1lkodsz, ami rengeteg pr\u00f3b\u00e1val, fell\u00e9p\u00e9ssel j\u00e1rhat, ezen k\u00edv\u00fcl, ha j\u00f3l tudom, az iskolapadot is koptatod. A zene \u00e9s az iskola mellett mennyire van szabadid\u0151d?<\/strong><\/p>\n<p style=\"text-align: justify;\">C\u00e9Anne: Szabadid\u0151m nem sok van, illetve att\u00f3l f\u00fcgg, hogy vessz\u00fck, mi az a szabadid\u0151. Engem a zen\u00e9l\u00e9s felt\u00f6lt energi\u00e1val, b\u00e1rmennyire is f\u00e1raszt\u00f3 a k\u00e9s\u0151ig pr\u00f3b\u00e1l\u00e1s \u00e9s az utazgat\u00e1s. Egyeztet\u00e9s k\u00e9rd\u00e9se az eg\u00e9sz. A sulit is igyekszem rendesen csin\u00e1lni, most \u00e9pp tdk-dolgozatot \u00edrok. Mindig arra van ideje az embernek, amire szak\u00edt! Att\u00f3l f\u00fcggetlen\u00fcl, hogy kar\u00e1csony \u00f3ta nem voltam otthon. \ud83d\ude42 De j\u00f6v\u0151 h\u00e9ten oda is megyek!<\/p>\n<p style=\"text-align: justify;\"><strong>RootsRocker: Mint szegedi sz\u00fclet\u00e9s\u0171, alf\u00f6ldi l\u00e1ny mennyire tudn\u00e1l Lipinek egy \u00e1ltala fogott halb\u00f3l hal\u00e1szlevet f\u0151zni?<\/strong><\/p>\n<p style=\"text-align: justify;\">C\u00e9Anne: H\u00e1t, a t\u00e9szt\u00e1t azt hanyagoljuk!<\/p>\n<p style=\"text-align: justify;\"><strong>RootsRocker: Utols\u00f3 sz\u00f3 jog\u00e1n, \u00fczenn\u00e9l valamit az olvas\u00f3knak?<\/strong><\/p>\n<p style=\"text-align: justify;\">C\u00e9Anne: H\u00e1rom negat\u00edv sz\u00f3:<\/p>\n<p style=\"text-align: justify;\">Nincs<\/p>\n<p style=\"text-align: justify;\">Semmi<\/p>\n<p style=\"text-align: justify;\">Baj<\/p>\n<p style=\"text-align: justify;\">(Fodor \u00c1kos)<\/p>\n<p style=\"text-align: center;\"><object width=\"420\" height=\"315\"><param name=\"movie\" value=\"http:\/\/www.youtube.com\/v\/h1fGwLjfg8I?version=3&amp;hl=hu_HU&amp;rel=0\" \/><param name=\"allowFullScreen\" value=\"true\" \/><param name=\"allowscriptaccess\" value=\"always\" \/><embed type=\"application\/x-shockwave-flash\" width=\"420\" height=\"315\" src=\"http:\/\/www.youtube.com\/v\/h1fGwLjfg8I?version=3&amp;hl=hu_HU&amp;rel=0\" allowscriptaccess=\"always\" allowfullscreen=\"true\"><\/embed><\/object><\/p>\n<p style=\"text-align: left;\"><a href=\"http:\/\/www.facebook.com\/pages\/C%C3%A9Anne\/128504140533628\" target=\"_blank\">C\u00e9Anne Facebook oldal<\/a><\/p>\n<p>&nbsp;<\/p>\n","protected":false},"excerpt":{"rendered":"<div class=\"mh-excerpt\"><p>V\u00e9gre el\u00e9rkezt\u00fcnk oda, hogy az oldalunkon saj\u00e1t interj\u00fat k\u00f6z\u00f6lj\u00fcnk le. Megmondom \u0151szint\u00e9n, nem volt k\u00e9rd\u00e9s ki legyen az els\u0151 alanyom, miut\u00e1n meghallottam a The Mighty <a class=\"mh-excerpt-more\" href=\"https:\/\/rudetown.hu\/?p=336\" title=\"C\u00e9Anna interj\u00fa\">[&#8230;]<\/a><\/p>\n<\/div>","protected":false},"author":1,"featured_media":0,"comment_status":"open","ping_status":"open","sticky":false,"template":"","format":"standard","meta":{"footnotes":""},"categories":[7,5,4],"tags":[],"class_list":["post-336","post","type-post","status-publish","format-standard","hentry","category-interjuk","category-magazin","category-osszes_hir"],"_links":{"self":[{"href":"https:\/\/rudetown.hu\/index.php?rest_route=\/wp\/v2\/posts\/336","targetHints":{"allow":["GET"]}}],"collection":[{"href":"https:\/\/rudetown.hu\/index.php?rest_route=\/wp\/v2\/posts"}],"about":[{"href":"https:\/\/rudetown.hu\/index.php?rest_route=\/wp\/v2\/types\/post"}],"author":[{"embeddable":true,"href":"https:\/\/rudetown.hu\/index.php?rest_route=\/wp\/v2\/users\/1"}],"replies":[{"embeddable":true,"href":"https:\/\/rudetown.hu\/index.php?rest_route=%2Fwp%2Fv2%2Fcomments&post=336"}],"version-history":[{"count":9,"href":"https:\/\/rudetown.hu\/index.php?rest_route=\/wp\/v2\/posts\/336\/revisions"}],"predecessor-version":[{"id":353,"href":"https:\/\/rudetown.hu\/index.php?rest_route=\/wp\/v2\/posts\/336\/revisions\/353"}],"wp:attachment":[{"href":"https:\/\/rudetown.hu\/index.php?rest_route=%2Fwp%2Fv2%2Fmedia&parent=336"}],"wp:term":[{"taxonomy":"category","embeddable":true,"href":"https:\/\/rudetown.hu\/index.php?rest_route=%2Fwp%2Fv2%2Fcategories&post=336"},{"taxonomy":"post_tag","embeddable":true,"href":"https:\/\/rudetown.hu\/index.php?rest_route=%2Fwp%2Fv2%2Ftags&post=336"}],"curies":[{"name":"wp","href":"https:\/\/api.w.org\/{rel}","templated":true}]}}