{"id":3354,"date":"2019-04-04T16:17:41","date_gmt":"2019-04-04T16:17:41","guid":{"rendered":"http:\/\/rudetown.hu\/?p=3354"},"modified":"2019-04-04T16:17:41","modified_gmt":"2019-04-04T16:17:41","slug":"this-is-ska-2019-fest-ajanlo","status":"publish","type":"post","link":"https:\/\/rudetown.hu\/?p=3354","title":{"rendered":"This Is Ska 2019 Fest aj\u00e1nl\u00f3"},"content":{"rendered":"<p style=\"text-align: justify;\">Lassan kezd\u0151dik a fesztiv\u00e1lszezon. Sajnos mivel idehaza a ska szerelmeseinek nem sok v\u00e1laszt\u00e1sa van a Reggae Campen k\u00edv\u00fcl, \u00e9rdemes ak\u00e1r nyaral\u00e1ssal egybek\u00f6tve k\u00fclf\u00f6ldre kacsingatni. K\u00f6rben\u00e9zt\u00fcnk a fesztiv\u00e1lok k\u00f6r\u00fcl, \u00e9s akkor akadt meg a szem\u00fcnk az idei <strong>This Is Ska Festival<\/strong>on. A helysz\u00edn a n\u00e9metorsz\u00e1gi Wasserburg-Ro\u00dflau, id\u0151pont pedig j\u00fanius 20-23.<\/p>\n<p><div class=\"ose-youtube ose-uid-02711a84ebc2b92f555acf3c5a881649 ose-embedpress-responsive\" style=\"width:560px; height:315px; max-height:315px; max-width:100%; display:inline-block;\" data-embed-type=\"Youtube\"><iframe loading=\"lazy\" allowFullScreen=\"true\" title=\"Ken Boothe - Everything I Own (Official Audio)\" width=\"560\" height=\"315\" src=\"https:\/\/www.youtube.com\/embed\/JZHTg26q1Js?feature=oembed&color=red&rel=0&controls=1&start=&end=&fs=0&iv_load_policy=0&autoplay=0&mute=0&modestbranding=0&cc_load_policy=1&playsinline=1\" frameborder=\"0\" allow=\"accelerometer; encrypted-media;accelerometer;autoplay;clipboard-write;gyroscope;picture-in-picture clipboard-write; encrypted-media; gyroscope; picture-in-picture; web-share\" referrerpolicy=\"strict-origin-when-cross-origin\" allowfullscreen><\/iframe><\/div><\/p>\n<p style=\"text-align: justify;\">Szerencs\u00e9re m\u00e1r teljes eg\u00e9sz\u00e9ben el\u00e9rhet\u0151 a fell\u00e9p\u0151k list\u00e1ja. A szervez\u0151k nagy figyelmet ford\u00edtottak arra, hogy a kort\u00e1rs el\u0151ad\u00f3k mellett a st\u00edlus tit\u00e1njait is felsorakoztass\u00e1k. \u00cdgy olyan nevekkel futhatunk \u00f6ssze, mint a rocksteady \u00e9ra legkiemelked\u0151bb alakja, <strong>Ken Boothe<\/strong> vagy a ska \u00e9s rocksteady korszakban akt\u00edvan szerepet v\u00e1llal\u00f3, <strong>The Claredonians<\/strong>. Ut\u00f3bbinak olyan sl\u00e1gereket k\u00f6sz\u00f6nhet\u00fcnk, mint a <a href=\"https:\/\/www.youtube.com\/watch?v=KKaerABcSMk\"><em>Rudie Bam Bam<\/em><\/a>, a <a href=\"https:\/\/www.youtube.com\/watch?v=cpqGbrM9c6M\"><em>Sunhine<\/em><\/a> vagy a <a href=\"https:\/\/www.youtube.com\/watch?v=xFiJdYRlaAU\"><em>You Can\u2019t Be Happy<\/em><\/a>. Zenet\u00f6rt\u00e9netileg folytatva a sort el\u00e9rkez\u00fcnk a reggae robban\u00e1s\u00e1ig \u00e9s aranykor\u00e1ig. A m\u0171fajt az \u0151skorszakb\u00f3l a skinhead-reggae ikonikus alakja, <strong>Mr Symarip aka Roy Ellis<\/strong> fogja k\u00e9pviselni. Biztosak lehet\u00fcnk benne, hogy nem csak a r\u00e9gi sl\u00e1gereket veszi el\u0151, hanem a nemr\u00e9g megjelentetett \u00faj lemezr\u0151l is fog j\u00e1tszani p\u00e1r sz\u00e1mot. Nem utols\u00f3sorban, (\u00e9s nem annyira udvariasan), de m\u00e9g ki kell emeln\u00fcnk <strong>Susan Cardogan<\/strong> nev\u00e9t is. Susan itthon nem annyira ismert, pedig a hetvenes \u00e9vek k\u00f6zep\u00e9n Lee \u2019Scratch\u2019 Perry seg\u00edts\u00e9g\u00e9vel p\u00e1r sl\u00e1gert felvett. Majd egy hossz\u00fa visszavonul\u00e1st k\u00f6vetve a 90-es \u00e9vek \u00f3ta \u00fajra akt\u00edvan r\u00e9sze a reggae sz\u00ednt\u00e9rnek.<\/p>\n<p><div class=\"ose-youtube ose-uid-137812675c3321459556626a5d7b6c1c ose-embedpress-responsive\" style=\"width:560px; height:315px; max-height:315px; max-width:100%; display:inline-block;\" data-embed-type=\"Youtube\"><iframe loading=\"lazy\" allowFullScreen=\"true\" title=\"The Upsetters \/ Susan Cadogan - Fever Influenza Version (1969)\" width=\"560\" height=\"315\" src=\"https:\/\/www.youtube.com\/embed\/yL6GopN1cLM?feature=oembed&color=red&rel=0&controls=1&start=&end=&fs=0&iv_load_policy=0&autoplay=0&mute=0&modestbranding=0&cc_load_policy=1&playsinline=1\" frameborder=\"0\" allow=\"accelerometer; encrypted-media;accelerometer;autoplay;clipboard-write;gyroscope;picture-in-picture clipboard-write; encrypted-media; gyroscope; picture-in-picture; web-share\" referrerpolicy=\"strict-origin-when-cross-origin\" allowfullscreen><\/iframe><\/div><\/p>\n<p style=\"text-align: justify;\">Nem jamaicai, de az eur\u00f3pai ska-t n\u00e9zve legend\u00e1s fell\u00e9p\u0151k lesznek m\u00e9g a brit <strong>The Hotknives<\/strong>, a n\u00e9met ska \u00f6regnek sz\u00e1m\u00edt\u00f3 <strong>No Sports<\/strong> vagy a <strong>Yellow Umbrella<\/strong>, a d\u00e1n <strong>Napoleon Solo<\/strong>, aki nem r\u00e9g jelentette meg visszat\u00e9r\u0151 lemez\u00e9t, valamint a holland <strong>Dr. Rude<\/strong>. Ki kell m\u00e9g emelni a <strong>Los Fastidios<\/strong>t is, akik ugye ink\u00e1bb a street-punk sz\u00ednt\u00e9rhez kapcsol\u00f3dnak, de egy ska szett erej\u00e9ig itt adnak okot a t\u00e1ncra.<\/p>\n<p><div class=\"ose-youtube ose-uid-6814af7e6428a696d3a26cbf9a30ef17 ose-embedpress-responsive\" style=\"width:560px; height:315px; max-height:315px; max-width:100%; display:inline-block;\" data-embed-type=\"Youtube\"><iframe loading=\"lazy\" allowFullScreen=\"true\" title=\"The Hotknives - Driving me Mad\" width=\"560\" height=\"315\" src=\"https:\/\/www.youtube.com\/embed\/_UWBdFIAhL4?feature=oembed&color=red&rel=0&controls=1&start=&end=&fs=0&iv_load_policy=0&autoplay=0&mute=0&modestbranding=0&cc_load_policy=1&playsinline=1\" frameborder=\"0\" allow=\"accelerometer; encrypted-media;accelerometer;autoplay;clipboard-write;gyroscope;picture-in-picture clipboard-write; encrypted-media; gyroscope; picture-in-picture; web-share\" referrerpolicy=\"strict-origin-when-cross-origin\" allowfullscreen><\/iframe><\/div><\/p>\n<p style=\"text-align: justify;\">A koncertek \u00e1ltal\u00e1ban \u00e9jf\u00e9l ut\u00e1n nem sokkal v\u00e9get \u00e9rnek, ekkor indul be a s\u00e1torban a sound system \u00e9let. P\u00f6r\u00f6gnek a vinylek \u00e9s kifullad\u00e1sig mehet a t\u00e1nc.<\/p>\n<p style=\"text-align: justify;\">A szervez\u0151k egy kis- \u00e9s egy nagysz\u00ednpaddal v\u00e1rj\u00e1k a k\u00f6z\u00f6ns\u00e9get. Az els\u0151 nap \u00e1ltal\u00e1ban a n\u00e9met zenekarok\u00e9, majd a m\u00e1sik k\u00e9t nap m\u00e1r a nevesebb band\u00e1k is zen\u00e9lnek. Nem ritka, hogy 1-1 nagyobb nevet m\u00e1r korai d\u00e9lut\u00e1nra beraknak, hogy ne lust\u00e1lkodjon a n\u00e9p, j\u00f3 eb\u00e9dhez sz\u00f3l a n\u00f3ta alapon. Viszont ha valami\u00e9rt egy n\u00e9v elmaradna, akkor a k\u00f6vetkez\u0151 \u00e9vben biztosan p\u00f3tolj\u00e1k a szervez\u0151k.<\/p>\n<p style=\"text-align: justify;\">V\u00e9gign\u00e9zve ezt a line-up-ot, a h\u00e1rom nap\u00e9rt az 53 eur\u00f3 nem p\u00e9nz!<\/p>\n<p>https:\/\/www.youtube.com\/watch?v=ue-dCrPjgLQ<\/p>\n<p style=\"text-align: justify;\">A helysz\u00ednre itthonr\u00f3l rep\u00fcl\u0151vel \u00e9rdemes elmenni. Berlinbe olcs\u00f3n el lehet jutni a WizzAir \u00e9s Ryanair j\u00e1ratokkal. A rept\u00e9rr\u0151l van k\u00f6zvetlen vonat a fesztiv\u00e1lhoz, de a n\u00e9met f\u0151v\u00e1rosb\u00f3l FlixBus-szal is le lehet utazni. Ha viszont f\u00e9lsz a rep\u00fcl\u00e9st\u0151l, akkor \u00e9rdemes Drezd\u00e1ig vonattal kiutaznod \u00e9s onnan tov\u00e1bb utazni a FlixBus j\u00e1rataival.<\/p>\n<p style=\"text-align: justify;\">Ha nem a k\u00f6zeli sz\u00e1ll\u00e1sok k\u00f6z\u00fcl foglaln\u00e1l, hanem s\u00e1traz\u00e1sra adn\u00e1d a fejed, akkor aut\u00f3s \u00e9s rendes kempingre is van lehet\u0151s\u00e9ged. Ide kis\u00e1llatot nem, viszont dobozos \u00e9s PET palackos italt hozhatsz be korl\u00e1tlanul, b\u00e1r innen a fesztiv\u00e1l ter\u00fclet\u00e9re nem vihetsz be bel\u0151le semmit. Bent a s\u00f6r kors\u00f3ja 5-6 eur\u00f3 k\u00f6r\u00fcl mozog.<\/p>\n<p style=\"text-align: justify;\">V\u00e9gign\u00e9zve a rendezv\u00e9ny FAQ-j\u00e1t minden megvan, ami egy ig\u00e9nyes eur\u00f3pai fesztiv\u00e1lhoz kell.<br \/>\nHa b\u00e1rmiben tudunk seg\u00edteni, keressetek minket, mi biztos ut\u00e1naj\u00e1runk!<\/p>\n<p>https:\/\/www.youtube.com\/watch?v=e5ImEGJe7Ek<\/p>\n<p style=\"text-align: justify;\">\nRem\u00e9lem t\u00f6bb m\u00e1s eur\u00f3pai fesztiv\u00e1lhoz hasonl\u00f3an egyre t\u00f6bb magyar fesztiv\u00e1loz\u00f3val fogunk Ro\u00dflauban tal\u00e1lkozni!<\/p>\n<p><div class=\"ose- ose-uid-e5eaa408edf1016eee2ae23787d549da ose-embedpress-responsive\" style=\"width:560px; height:315px; max-height:315px; max-width:100%; display:inline-block;\" data-embed-type=\"Facebook\"><iframe loading=\"lazy\" allowFullScreen=\"true\" class=\"embera-facebook-iframe-e5eaa\" src=\"https:\/\/www.facebook.com\/plugins\/post.php?href=https%3A%2F%2Fwww.facebook.com%2Fevents%2F850179698516801%2F&width=560&height=315&show_text=true\" width=\"560\" height=\"315\" style=\"border:none;overflow:hidden\" scrolling=\"no\" frameborder=\"0\" allowTransparency=\"true\"><\/iframe><\/div><\/p>\n","protected":false},"excerpt":{"rendered":"<div class=\"mh-excerpt\"><p>Lassan kezd\u0151dik a fesztiv\u00e1lszezon. Sajnos mivel idehaza a ska szerelmeseinek nem sok v\u00e1laszt\u00e1sa van a Reggae Campen k\u00edv\u00fcl, \u00e9rdemes ak\u00e1r nyaral\u00e1ssal egybek\u00f6tve k\u00fclf\u00f6ldre kacsingatni. K\u00f6rben\u00e9zt\u00fcnk <a class=\"mh-excerpt-more\" href=\"https:\/\/rudetown.hu\/?p=3354\" title=\"This Is Ska 2019 Fest aj\u00e1nl\u00f3\">[&#8230;]<\/a><\/p>\n<\/div>","protected":false},"author":1,"featured_media":3356,"comment_status":"closed","ping_status":"open","sticky":false,"template":"","format":"standard","meta":{"footnotes":""},"categories":[6,11,4,21,90,20,322],"tags":[324,35,325,116,44,115,323],"class_list":["post-3354","post","type-post","status-publish","format-standard","has-post-thumbnail","hentry","category-esemenyek","category-fesztivalok","category-osszes_hir","category-reggae","category-rocksteady-zene","category-ska","category-this-is-ska","tag-324","tag-fesztival","tag-nemetorszag","tag-reggae","tag-rocksteady","tag-ska","tag-this-is-ska"],"_links":{"self":[{"href":"https:\/\/rudetown.hu\/index.php?rest_route=\/wp\/v2\/posts\/3354","targetHints":{"allow":["GET"]}}],"collection":[{"href":"https:\/\/rudetown.hu\/index.php?rest_route=\/wp\/v2\/posts"}],"about":[{"href":"https:\/\/rudetown.hu\/index.php?rest_route=\/wp\/v2\/types\/post"}],"author":[{"embeddable":true,"href":"https:\/\/rudetown.hu\/index.php?rest_route=\/wp\/v2\/users\/1"}],"replies":[{"embeddable":true,"href":"https:\/\/rudetown.hu\/index.php?rest_route=%2Fwp%2Fv2%2Fcomments&post=3354"}],"version-history":[{"count":3,"href":"https:\/\/rudetown.hu\/index.php?rest_route=\/wp\/v2\/posts\/3354\/revisions"}],"predecessor-version":[{"id":3358,"href":"https:\/\/rudetown.hu\/index.php?rest_route=\/wp\/v2\/posts\/3354\/revisions\/3358"}],"wp:featuredmedia":[{"embeddable":true,"href":"https:\/\/rudetown.hu\/index.php?rest_route=\/wp\/v2\/media\/3356"}],"wp:attachment":[{"href":"https:\/\/rudetown.hu\/index.php?rest_route=%2Fwp%2Fv2%2Fmedia&parent=3354"}],"wp:term":[{"taxonomy":"category","embeddable":true,"href":"https:\/\/rudetown.hu\/index.php?rest_route=%2Fwp%2Fv2%2Fcategories&post=3354"},{"taxonomy":"post_tag","embeddable":true,"href":"https:\/\/rudetown.hu\/index.php?rest_route=%2Fwp%2Fv2%2Ftags&post=3354"}],"curies":[{"name":"wp","href":"https:\/\/api.w.org\/{rel}","templated":true}]}}