{"id":3305,"date":"2018-12-05T19:01:57","date_gmt":"2018-12-05T19:01:57","guid":{"rendered":"http:\/\/rudetown.hu\/?p=3305"},"modified":"2018-12-05T19:01:57","modified_gmt":"2018-12-05T19:01:57","slug":"britannia-elfelejtett-hosei-a-windrush-generacio","status":"publish","type":"post","link":"https:\/\/rudetown.hu\/?p=3305","title":{"rendered":"Britannia elfelejtett h\u0151sei: a Windrush Gener\u00e1ci\u00f3"},"content":{"rendered":"<p style=\"text-align: justify;\">A m\u00e1sodik vil\u00e1gh\u00e1bor\u00fa keser\u0171 \u00e9vei alatt Anglia folyamatosan h\u00edvta a birodalom lak\u00f3it, hogy seg\u00edts\u00e9k az anyaorsz\u00e1got a fasizmus elleni harcban. V\u00e1laszul vall\u00e1st\u00f3l \u00e9s b\u0151rsz\u00ednt\u0151l f\u00fcggetlen\u00fcl indultak el a gyarmatok lakosai, hogy k\u00e9z a k\u00e9zben seg\u00edts\u00e9k Nagy Britanni\u00e1t a Harmadik Birodalom elleni harcokban. Csak a Karib-t\u00e9rs\u00e9gb\u0151l k\u00f6zel 10 ezer f\u00e9rfi indult el, hogy a kir\u00e1ly\u00e9rt \u00e9s a koron\u00e1\u00e9rt adja az \u00e9let\u00e9t, \u00e9s egyenl\u0151 \u00e1llampolg\u00e1rk\u00e9nt \u00e9rezhesse mag\u00e1t a vil\u00e1g legnagyobb birodalm\u00e1ban.<\/p>\n<p style=\"text-align: justify;\">1945-ben, ahogy v\u00e9ge lett a h\u00e1bor\u00fanak, sok szerel\u0151 \u00e9s asszony t\u00e9rt haza az otthonaiba, hogy \u00fajra a h\u00e9tk\u00f6znapi \u00e9let\u00fcket \u00e9lj\u00e9k \u2013 k\u00f6zt\u00fck jamaicai katon\u00e1k is. Ha egy gyarmati lakos nem n\u0151s\u00fclt be egy angol csal\u00e1dba vagy nem kapott munk\u00e1t telepesekn\u00e9l, akkor automatikusan kiutas\u00edtott\u00e1k az orsz\u00e1gb\u00f3l \u00e9s haza kellett t\u00e9rnie.<\/p>\n<p><div class=\"ose-youtube ose-uid-b6b378e19173a0d85aefe88b15dcb543 ose-embedpress-responsive\" style=\"width:560px; height:315px; max-height:315px; max-width:100%; display:inline-block;\" data-embed-type=\"Youtube\"><iframe loading=\"lazy\" allowFullScreen=\"true\" title=\"LORD KITCHENER - London Is the Place for Me\" width=\"560\" height=\"315\" src=\"https:\/\/www.youtube.com\/embed\/dGt21q1AjuI?feature=oembed&color=red&rel=0&controls=1&start=&end=&fs=0&iv_load_policy=0&autoplay=0&mute=0&modestbranding=0&cc_load_policy=1&playsinline=1\" frameborder=\"0\" allow=\"accelerometer; encrypted-media;accelerometer;autoplay;clipboard-write;gyroscope;picture-in-picture clipboard-write; encrypted-media; gyroscope; picture-in-picture; web-share\" referrerpolicy=\"strict-origin-when-cross-origin\" allowfullscreen><\/iframe><\/div><\/p>\n<p style=\"text-align: justify;\">Viszont 1945. egy m\u00e1s szemsz\u00f6gb\u0151l is neh\u00e9zs\u00e9get hozott, mert augusztus 16-\u00e1n egy hurrik\u00e1n tarolt v\u00e9gig a Jamaic\u00e1n. Elsodorva falvakat, sz\u00e1nt\u00f3kat, ban\u00e1n- \u00e9s k\u00f3kuszf\u00f6ldeket. P\u00e1r \u00f3ra lefoly\u00e1sa alatt a k\u00f3kusz- 40, m\u00edg a ban\u00e1nterm\u00e9s 90%-a ment k\u00e1rba. De a term\u00e9szeti katasztr\u00f3fa a cukor vil\u00e1gpiaci \u00e1r\u00e1t is hazav\u00e1gta. Rengeteg ember v\u00e1lt f\u00f6ld\u00f6nfut\u00f3v\u00e1. Szerencs\u00e9j\u00fckre kap\u00f3ra j\u00f6tt, hogy Anglia viszont a h\u00e1bor\u00fa k\u00f6vetkezt\u00e9ben munkaer\u0151hi\u00e1nyban szenvedett, mivel k\u00f6zel f\u00e9lmilli\u00f3 ember lett oda a harcokban. Nem volt, aki \u00fajra\u00e9p\u00edtse az orsz\u00e1got a bomb\u00e1z\u00e1sok ut\u00e1n. A gazdas\u00e1g sz\u00f6rny\u0171 zuhan\u00e1sba kezdett, a korm\u00e1ny pedig a kiutat kereste. Az egyik legj\u00e1rhat\u00f3bb \u00fat az volt, hogy a Nemzetk\u00f6z\u00f6ss\u00e9g orsz\u00e1gaiban \u00e9l\u0151kkel pr\u00f3b\u00e1lj\u00e1k p\u00f3tolni a munkaer\u0151t.<\/p>\n<p style=\"text-align: justify;\">Jamaic\u00e1ban a The Daily Gleaner nev\u0171 \u00fajs\u00e1gban ker\u00fclt fel egy hirdet\u00e9s, amelyben a v\u00e1llalkoz\u00f3 kedv\u0171eknek 28 fontos b\u00e9rt k\u00edn\u00e1lnak. Mellette persze seg\u00edtik a leteleped\u00e9s\u00fcket \u00e9s a brit \u00e1llampolg\u00e1rs\u00e1g megszerz\u00e9s\u00e9t. A hirdet\u00e9sre rengetegen jelentkeztek \u00e9s az els\u0151 haj\u00f3, a HMV Empire Windrush 492 f\u0151vel a fed\u00e9lzeten elindult Anglia fel\u00e9, hogy rengeteg embernek adjon es\u00e9lyt egy jobb kezdethez.<\/p>\n<p style=\"text-align: justify;\">1948. j\u00fanius 21-\u00e9n, 22 nap utaz\u00e1st k\u00f6vet\u0151en a haj\u00f3 Tilburyben k\u00f6t\u00f6tt ki. Az esem\u00e9ny viszont a brit parlamentben nagy vit\u00e1t v\u00e1ltott ki. A bev\u00e1ndorl\u00f3kat f\u0151leg a helyi sajt\u00f3 v\u00e1rta. Az Evening Standard m\u00e9g rep\u00fcl\u0151t is k\u00fcld\u00f6tt el\u00e9j\u00fck \u00e9s az napi \u00fajs\u00e1g els\u0151 oldal\u00e1t a k\u00f6vetkez\u0151 sor nyitotta:<\/p>\n<blockquote>\n<p style=\"text-align: justify;\">\u201eIsten hozott titeket itthon! Az\u00a0<em>Evening Standard<\/em>\u00a0rep\u00fcl\u0151je \u00fcdv\u00f6zli a Birodalom 400 fi\u00e1t.&#8221;<\/p>\n<\/blockquote>\n<p style=\"text-align: justify;\">A t\u00e1rsadalom viszont nem volt ennyire elfogad\u00f3. Neh\u00e9z volt a lakhat\u00e1sukat elint\u00e9zni, nem nyithattak banksz\u00e1ml\u00e1t, nem volt hitelfedezet\u00fck \u00e9s sok volt a rasszista atrocit\u00e1s is mind a munkahelyeken, mind az utc\u00e1kon. Ez\u00e9rt mindig pr\u00f3b\u00e1lt\u00e1k seg\u00edteni egym\u00e1s lakhat\u00e1s\u00e1t.<\/p>\n<p><img loading=\"lazy\" decoding=\"async\" class=\"aligncenter size-full wp-image-3308\" src=\"https:\/\/rudetown.hu\/wp-content\/uploads\/2018\/12\/windrush3.jpeg\" alt=\"\" width=\"1280\" height=\"800\" srcset=\"https:\/\/rudetown.hu\/wp-content\/uploads\/2018\/12\/windrush3.jpeg 1280w, https:\/\/rudetown.hu\/wp-content\/uploads\/2018\/12\/windrush3-300x188.jpeg 300w, https:\/\/rudetown.hu\/wp-content\/uploads\/2018\/12\/windrush3-768x480.jpeg 768w, https:\/\/rudetown.hu\/wp-content\/uploads\/2018\/12\/windrush3-1024x640.jpeg 1024w\" sizes=\"auto, (max-width: 1280px) 100vw, 1280px\" \/><\/p>\n<p style=\"text-align: justify;\">Mindezek mellett az utc\u00e1n ki voltak t\u00e9ve a rasszista megnyilv\u00e1nul\u00e1soknak. Nemcsak besz\u00f3ltak nekik, de sokszor sz\u00f3 szerint vad\u00e1szt\u00e1k \u0151ket. L\u00e1ncokkal, botokkal \u00e9s olykor k\u00e9ssel is r\u00e1juk t\u00e1madtak. Egy id\u0151 ut\u00e1n a fekete sr\u00e1cok r\u00e1j\u00f6ttek, hogy csak egym\u00e1sra sz\u00e1m\u00edthattak, \u00edgy \u0151k is csoportokban kezdtek el az utc\u00e1n j\u00e1rk\u00e1lni, ha mentek valamerre, ezzel el\u00e9j\u00e9t v\u00e9ve a megf\u00e9leml\u00edt\u00e9snek. Ha kellett, ki\u00e1lltak egym\u00e1s\u00e9rt, \u00e9s ha kellett, vissza\u00fct\u00f6ttek.<\/p>\n<p style=\"text-align: justify;\">Delroy Williams, jamaicai \u00e9nekes visszaeml\u00e9kez\u00e9s\u00e9ben is besz\u00e9lt ezekr\u0151l a gondokr\u00f3l. Sz\u00f3ba hozta, hogy volt mikor az egyik, feket\u00e9k \u00e1ltal l\u00e1togatott sz\u00f3rakoz\u00f3helyet bet\u00e1madt\u00e1k a Teddy boyok. A bev\u00e1ndorl\u00f3k v\u00e1laszul a helyi \u00e1ruh\u00e1zb\u00f3l felv\u00e1s\u00e1rolt\u00e1k az \u00f6sszes boz\u00f3tv\u00e1g\u00f3t, k\u00e9st \u00e9s balt\u00e1t; teljesen ki\u00fcr\u00edtve az \u00fczletet. A tulaj persze egyb\u0151l h\u00edvta a rend\u0151r\u00f6ket, hogy zavarg\u00e1s k\u00e9sz\u00fcl \u00e9s a v\u00e9g\u00e9n a feket\u00e9ket vett\u00e9k el\u0151, nem pedig a Teddy boyokat. Szerencs\u00e9re a Teddy boyok hamar elt\u0171ntek, \u00e9s j\u00f6ttek helyett\u00fck a modok, akik a bev\u00e1ndorl\u00f3k zen\u00e9j\u00e9nek els\u0151 sz\u00e1m\u00fa fogyaszt\u00f3i lettek.<\/p>\n<p>Sajnos, m\u00e1ra ezeket az embereket elfelejtett\u00e9k a vil\u00e1gon. Pedig \u0150k voltak azok, akik a II. vil\u00e1gh\u00e1bor\u00fa ut\u00e1n \u00e1tverve t\u00e9rtek haza Angli\u00e1b\u00f3l, majd miut\u00e1n \u00fajra kellett a seg\u00edt\u0151 k\u00e9z, hogy \u00fajj\u00e1\u00e9p\u00edts\u00e9k az anyaorsz\u00e1got, sz\u00f3 n\u00e9lk\u00fcl mentek \u00e9s tett\u00e9k, amit megk\u00f6veteltek t\u0151l\u00fck.<\/p>\n","protected":false},"excerpt":{"rendered":"<div class=\"mh-excerpt\"><p>A m\u00e1sodik vil\u00e1gh\u00e1bor\u00fa keser\u0171 \u00e9vei alatt Anglia folyamatosan h\u00edvta a birodalom lak\u00f3it, hogy seg\u00edts\u00e9k az anyaorsz\u00e1got a fasizmus elleni harcban. V\u00e1laszul vall\u00e1st\u00f3l \u00e9s b\u0151rsz\u00ednt\u0151l f\u00fcggetlen\u00fcl <a class=\"mh-excerpt-more\" href=\"https:\/\/rudetown.hu\/?p=3305\" title=\"Britannia elfelejtett h\u0151sei: a Windrush Gener\u00e1ci\u00f3\">[&#8230;]<\/a><\/p>\n<\/div>","protected":false},"author":1,"featured_media":3306,"comment_status":"closed","ping_status":"open","sticky":false,"template":"","format":"standard","meta":{"footnotes":""},"categories":[8,5,4],"tags":[126,72,311],"class_list":["post-3305","post","type-post","status-publish","format-standard","has-post-thumbnail","hentry","category-cikkek","category-magazin","category-osszes_hir","tag-anglia","tag-jamaica","tag-windrush-generacio"],"_links":{"self":[{"href":"https:\/\/rudetown.hu\/index.php?rest_route=\/wp\/v2\/posts\/3305","targetHints":{"allow":["GET"]}}],"collection":[{"href":"https:\/\/rudetown.hu\/index.php?rest_route=\/wp\/v2\/posts"}],"about":[{"href":"https:\/\/rudetown.hu\/index.php?rest_route=\/wp\/v2\/types\/post"}],"author":[{"embeddable":true,"href":"https:\/\/rudetown.hu\/index.php?rest_route=\/wp\/v2\/users\/1"}],"replies":[{"embeddable":true,"href":"https:\/\/rudetown.hu\/index.php?rest_route=%2Fwp%2Fv2%2Fcomments&post=3305"}],"version-history":[{"count":2,"href":"https:\/\/rudetown.hu\/index.php?rest_route=\/wp\/v2\/posts\/3305\/revisions"}],"predecessor-version":[{"id":3309,"href":"https:\/\/rudetown.hu\/index.php?rest_route=\/wp\/v2\/posts\/3305\/revisions\/3309"}],"wp:featuredmedia":[{"embeddable":true,"href":"https:\/\/rudetown.hu\/index.php?rest_route=\/wp\/v2\/media\/3306"}],"wp:attachment":[{"href":"https:\/\/rudetown.hu\/index.php?rest_route=%2Fwp%2Fv2%2Fmedia&parent=3305"}],"wp:term":[{"taxonomy":"category","embeddable":true,"href":"https:\/\/rudetown.hu\/index.php?rest_route=%2Fwp%2Fv2%2Fcategories&post=3305"},{"taxonomy":"post_tag","embeddable":true,"href":"https:\/\/rudetown.hu\/index.php?rest_route=%2Fwp%2Fv2%2Ftags&post=3305"}],"curies":[{"name":"wp","href":"https:\/\/api.w.org\/{rel}","templated":true}]}}