{"id":3194,"date":"2018-10-28T20:56:59","date_gmt":"2018-10-28T20:56:59","guid":{"rendered":"http:\/\/rudetown.hu\/?p=3194"},"modified":"2018-10-28T20:56:59","modified_gmt":"2018-10-28T20:56:59","slug":"uj-stilussal-uj-zenevel-forum-interju-a-magyar-ifjusagbol","status":"publish","type":"post","link":"https:\/\/rudetown.hu\/?p=3194","title":{"rendered":"\u00daj st\u00edlussal, \u00faj zen\u00e9vel &#8211; F\u00f3rum interj\u00fa a Magyar Ifj\u00fas\u00e1gb\u00f3l"},"content":{"rendered":"<p style=\"text-align: justify;\">Val\u00f3di meglepet\u00e9st ny\u00fajtott az idei Rockreflektoron a bajai <strong>F\u00f3rum<\/strong> egy\u00fcttes. A n\u00e9gy bajai huszon\u00e9ves sr\u00e1c: M\u00e9sz\u00e1ros Zsolt git\u00e1r, Gay Tam\u00e1s \u00e9nek, billenty\u0171s hangszerek, Andrasics Istv\u00e1n \u00e9nek, dobok, \u00e9s a zenekarvezet\u0151 \u00e9nekes, basszusgit\u00e1ros Jaszenovics Iv\u00e1n nev\u00e9t, \u201estruccfrizur\u00e1j\u00e1t\u201d az\u00f3ta sok f\u0151v\u00e1rosi koncerten hallhattuk-l\u00e1thattuk, hiszen a K\u00f6zg\u00e1z klubbeli bemutatkoz\u00e1s \u00f3ta egyre n\u00e9pszer\u0171bbek. A kvartett st\u00edlusa az \u00fan. ska, mely \u0151ket a hazai rockberkekben oly sok vit\u00e1t kiv\u00e1lt\u00f3 \u00faj hull\u00e1mhoz kapcsolja.<\/p>\n<p><div class=\"ose-youtube ose-uid-a1915fb10adc7c2f849ba078b9e961bd ose-embedpress-responsive\" style=\"width:560px; height:315px; max-height:315px; max-width:100%; display:inline-block;\" data-embed-type=\"Youtube\"><iframe loading=\"lazy\" allowFullScreen=\"true\" title=\"Csak az a biztos, ha tele a has - F\u00f3rum egy\u00fcttes - 1981\" width=\"560\" height=\"315\" src=\"https:\/\/www.youtube.com\/embed\/XUZhFoyDrhE?feature=oembed&color=red&rel=0&controls=1&start=&end=&fs=0&iv_load_policy=0&autoplay=0&mute=0&modestbranding=0&cc_load_policy=1&playsinline=1\" frameborder=\"0\" allow=\"accelerometer; encrypted-media;accelerometer;autoplay;clipboard-write;gyroscope;picture-in-picture clipboard-write; encrypted-media; gyroscope; picture-in-picture; web-share\" referrerpolicy=\"strict-origin-when-cross-origin\" allowfullscreen><\/iframe><\/div><\/p>\n<p style=\"text-align: justify;\"><strong>Mi\u00e9rt pont az \u00faj hull\u00e1m, pontosabban mi\u00e9rt pont a ska?<br \/>\n<\/strong>Ebben a fel\u00e1ll\u00e1sban h\u00e1rom \u00e9ve vagyunk egy\u00fctt, el\u0151tte mindenki m\u00e1s band\u00e1n\u00e1l j\u00e1tszott a legk\u00fcl\u00f6nb\u00f6z\u0151bb st\u00edlusokban \u2014 feleli Jaszenovics Iv\u00e1n \u2014, s az m\u00e1r akkor meg\u00e9rlel\u0151d\u00f6tt benn\u00fcnk, hogy a Igazai hard vagy heavy nem a mi vil\u00e1gunk. Mikor \u00edgy \u00f6sszeker\u00fclt\u00fcnk, elkezd\u0151d\u00f6tt az \u00faj st\u00edlus keresg\u00e9l\u00e9se, amit nagyon megk\u00f6nny\u00edtett az angol, illetve az amerikai \u00faj hull\u00e1m megjelen\u00e9se, mely zene teljes strukt\u00far\u00e1j\u00e1ban, teh\u00e1t sz\u00f6veg\u00e9ben, zen\u00e9j\u00e9ben, hang- szerel\u00e9s\u00e9ben, s nem utols\u00f3sorban sz\u00ednpadi megjelen\u00e9s\u00e9ben nagyon megtetszett nek\u00fcnk. Rengeteg szaklapot n\u00e9zt\u00fcnk meg, zen\u00e9t hallgattunk meg, s a koncertreperto\u00e1runkiban \u2014 de k\u00fcls\u0151s\u00e9gekben is \u2014 teljesen r\u00e1\u00e1lltunk az \u00faj hull\u00e1mra, ennek is egy igen szabad st\u00edlus\u00e1ra, a ska-ra. Az\u00e9rt erre, mert a ska felhaszn\u00e1lja a n\u00e9pszer\u0171 reggae, illetve a korai beat\u00e9vek instrument\u00e1lis hangz\u00e1s\u00e1t is.<\/p>\n<p style=\"text-align: justify;\"><strong>Egy-k\u00e9t \u00e9ve megjelentek, f\u0151leg a f\u0151v\u00e1rosban, a magukat kifejezetten \u00faj hull\u00e1mosnak felt\u00fcntet\u0151 egy\u00fcttesek, akik felhaszn\u00e1lj\u00e1k a reggaet, de a punkot is.<br \/>\n<\/strong>A f\u0151v\u00e1rosi helyzetr\u0151l mi nem nagyon tudunk nyilatkozni, de ez is ugyanolyan k\u00e9sei lecsap\u00f3d\u00e1s lehet, mint ahogy meglehet\u0151sen k\u00e9s\u0151n jutnak el hozz\u00e1nk a vezet\u0151 rockorsz\u00e1gok leg\u00fajabb zenei st\u00edlusai. Nem vesznek \u00e1t mindent teljes m\u00e9rt\u00e9kben, kialakul egy saj\u00e1ts\u00e1gos hazai \u00edz, persze nagy \u00e9rdekl\u0151d\u0151 t\u00e1borral, hiszen a k\u00f6z\u00f6ns\u00e9g is k\u00edv\u00e1ncsi az \u00fajra. A F\u00f3rum \u00f6ssze\u00e1ll\u00edt\u00e1s\u00e1n\u00e1l t\u00f6rekedtem arra, hogy mindenki bajai legyen, mivel \u00edgy hasonl\u00f3ak a probl\u00e9m\u00e1ink mind emberileg, mind szakmailag. Sok helyen koncertezt\u00fcnk az orsz\u00e1g k\u00fcl\u00f6nb\u00f6z\u0151 v\u00e1rosaiban, falvaiban, de szinte alig tal\u00e1lkoztunk saj\u00e1t vagy k\u00fclf\u00f6ldi \u00faj hull\u00e1mos sz\u00e1mokat j\u00e1tsz\u00f3 egy\u00fcttesekkel. Itt, Baj\u00e1n ismerik ugyan az angolsz\u00e1sz, illetve a jugoszl\u00e1v \u00faj hull\u00e1m el\u0151ad\u00f3it, de senki nem j\u00e1tssza ezt a zen\u00e9t.<\/p>\n<p style=\"text-align: justify;\"><strong>Rendszeresen j\u00e1tssz\u00e1tok jugoszl\u00e1v egy\u00fcttesek sz\u00e1mait is&#8230;<\/strong><br \/>\n\u00c9rdekes, de n\u00e1lunk alig ismerik Jugoszl\u00e1via rock\u00e9let\u00e9t, pedig mennyis\u00e9g\u00e9ben \u00e9s min\u0151s\u00e9g\u00e9ben legal\u00e1bb olyan v\u00e1ltozatos, mint a hazai. Ha k\u00e9s\u0151bb sz\u00fcletett is meg, mint Magyarorsz\u00e1gon, sokkal fog\u00e9konyabbak az \u00faj zen\u00e9kre, \u00faj st\u00edlusokra, ez\u00e9rt is van az, hogy ott a punk \u00e9s a kifejezett hard-rock mellett az \u00faj hull\u00e1m k\u00e9pvisel\u0151i a legn\u00e9pszer\u0171bbek. Sokszor j\u00e1rtunk m\u00e1r Jugoszl\u00e1vi\u00e1ban; nagyon megfogott benn\u00fcnket az ottani v\u00e1ltozatos zenei \u00e9let, de k\u00fcl\u00f6n\u00f6sen a <strong>Bijelo Dugme<\/strong>, azaz a Feh\u00e9r Gomb elnevez\u00e9s\u0171 csapat zen\u00e9je. M\u0171sorunkban t\u0151l\u00fck is j\u00e1tszunk sz\u00e1mokat szerb nyelven, illetve saj\u00e1t ford\u00edt\u00e1sban.<\/p>\n<p style=\"text-align: justify;\"><strong>Az eddigi v\u00e9lem\u00e9nyek alapj\u00e1n sikeresen nyitott a F\u00f3rum egy eddig n\u00e1lunk nem nagyon ismert \u00faj zene fel\u00e9. Hogyan fogadja a k\u00f6z\u00f6ns\u00e9g zen\u00e9teket, hogyan tudtok tov\u00e1bbl\u00e9pni?<br \/>\n<\/strong>A m\u00e1rciusi Rockreflektoron volt az els\u0151 nagyobb bemutatkoz\u00e1sunk a f\u0151v\u00e1rosi k\u00f6z\u00f6ns\u00e9g el\u0151tt. Az elej\u00e9n meglehet\u0151sen \u00e9rtetlen\u00fcl fogadtak benn\u00fcnket, a koncert v\u00e9g\u00e9n m\u00e1r tapsot is kaptunk. Egyfajta \u00e9rtetlens\u00e9ggel, jobban mondva r\u00e1csod\u00e1lkoz\u00e1ssal szinte minden koncerten tal\u00e1lkozunk, de most m\u00e1r sz\u00e1molunk ezzel. T\u00f6bb \u00f6sszek\u00f6t\u0151 sz\u00f6veget mohdunk, melyet igyeksz\u00fcnk k\u00f6nnyed st\u00edlusban tolm\u00e1csolni. A szerb sz\u00e1mokat \u00edr\u00e1svet\u00edt\u0151vel vet\u00edtj\u00fck ki magyar nyelven, s a sz\u00ednpadi mozg\u00e1sban is mindent bedobunk, ezen nem a show-technik\u00e1t, hanem egyfajta koreograf\u00e1lt mozg\u00e1st \u00e9rtek. \u00dcgy tapasztaljuk, hogy van j\u00f6v\u0151je a hazai ska- zen\u00e9nek, hiszen ez teljesen \u00faj muzsika, \u00faj gondolatokkal, s a legnagyobb \u00f6r\u00f6m sz\u00e1munkra, hogy a koncertjeinkre visszat\u00e9rnek a gyerekek.<\/p>\n<p><div class=\"ose-youtube ose-uid-5ecc4811e96c22e3feff6373122ce7bf ose-embedpress-responsive\" style=\"width:560px; height:315px; max-height:315px; max-width:100%; display:inline-block;\" data-embed-type=\"Youtube\"><iframe loading=\"lazy\" allowFullScreen=\"true\" title=\"F\u00f3rum zenekar: Mikor m\u00e9g volt s\u00falya a sz\u00f3nak !\" width=\"560\" height=\"315\" src=\"https:\/\/www.youtube.com\/embed\/15tJ0BjuIM0?feature=oembed&color=red&rel=0&controls=1&start=&end=&fs=0&iv_load_policy=0&autoplay=0&mute=0&modestbranding=0&cc_load_policy=1&playsinline=1\" frameborder=\"0\" allow=\"accelerometer; encrypted-media;accelerometer;autoplay;clipboard-write;gyroscope;picture-in-picture clipboard-write; encrypted-media; gyroscope; picture-in-picture; web-share\" referrerpolicy=\"strict-origin-when-cross-origin\" allowfullscreen><\/iframe><\/div><\/p>\n<p style=\"text-align: justify;\"><em>Az interj\u00fat Zolt\u00e1n J\u00e1nos publik\u00e1lta a Magyar Ifj\u00fas\u00e1g magazinban. Forr\u00e1s:\u00a0<span id=\"pdfview-pdfcontents\"><span title=\"1981-07-17 \/ 29. sz\u00e1m\"><span class=\"text-primary content-link\">1981-07-17 \/ 29. sz\u00e1m<\/span><\/span><\/span><\/em><\/p>\n<p style=\"text-align: justify;\">\n","protected":false},"excerpt":{"rendered":"<div class=\"mh-excerpt\"><p>Val\u00f3di meglepet\u00e9st ny\u00fajtott az idei Rockreflektoron a bajai F\u00f3rum egy\u00fcttes. A n\u00e9gy bajai huszon\u00e9ves sr\u00e1c: M\u00e9sz\u00e1ros Zsolt git\u00e1r, Gay Tam\u00e1s \u00e9nek, billenty\u0171s hangszerek, Andrasics Istv\u00e1n <a class=\"mh-excerpt-more\" href=\"https:\/\/rudetown.hu\/?p=3194\" title=\"\u00daj st\u00edlussal, \u00faj zen\u00e9vel &#8211; F\u00f3rum interj\u00fa a Magyar Ifj\u00fas\u00e1gb\u00f3l\">[&#8230;]<\/a><\/p>\n<\/div>","protected":false},"author":1,"featured_media":3195,"comment_status":"closed","ping_status":"open","sticky":false,"template":"","format":"standard","meta":{"footnotes":""},"categories":[8,5,4],"tags":[290,24,115],"class_list":["post-3194","post","type-post","status-publish","format-standard","has-post-thumbnail","hentry","category-cikkek","category-magazin","category-osszes_hir","tag-baja","tag-forum","tag-ska"],"_links":{"self":[{"href":"https:\/\/rudetown.hu\/index.php?rest_route=\/wp\/v2\/posts\/3194","targetHints":{"allow":["GET"]}}],"collection":[{"href":"https:\/\/rudetown.hu\/index.php?rest_route=\/wp\/v2\/posts"}],"about":[{"href":"https:\/\/rudetown.hu\/index.php?rest_route=\/wp\/v2\/types\/post"}],"author":[{"embeddable":true,"href":"https:\/\/rudetown.hu\/index.php?rest_route=\/wp\/v2\/users\/1"}],"replies":[{"embeddable":true,"href":"https:\/\/rudetown.hu\/index.php?rest_route=%2Fwp%2Fv2%2Fcomments&post=3194"}],"version-history":[{"count":1,"href":"https:\/\/rudetown.hu\/index.php?rest_route=\/wp\/v2\/posts\/3194\/revisions"}],"predecessor-version":[{"id":3196,"href":"https:\/\/rudetown.hu\/index.php?rest_route=\/wp\/v2\/posts\/3194\/revisions\/3196"}],"wp:featuredmedia":[{"embeddable":true,"href":"https:\/\/rudetown.hu\/index.php?rest_route=\/wp\/v2\/media\/3195"}],"wp:attachment":[{"href":"https:\/\/rudetown.hu\/index.php?rest_route=%2Fwp%2Fv2%2Fmedia&parent=3194"}],"wp:term":[{"taxonomy":"category","embeddable":true,"href":"https:\/\/rudetown.hu\/index.php?rest_route=%2Fwp%2Fv2%2Fcategories&post=3194"},{"taxonomy":"post_tag","embeddable":true,"href":"https:\/\/rudetown.hu\/index.php?rest_route=%2Fwp%2Fv2%2Ftags&post=3194"}],"curies":[{"name":"wp","href":"https:\/\/api.w.org\/{rel}","templated":true}]}}