{"id":3167,"date":"2018-08-29T18:22:30","date_gmt":"2018-08-29T18:22:30","guid":{"rendered":"http:\/\/rudetown.hu\/?p=3167"},"modified":"2018-08-29T18:22:30","modified_gmt":"2018-08-29T18:22:30","slug":"sajnos-egy-olyan-kocsiban-ulunk-ami-szaguld-a-szakadekba-szog-interju","status":"publish","type":"post","link":"https:\/\/rudetown.hu\/?p=3167","title":{"rendered":"&#8222;Sajnos egy olyan kocsiban \u00fcl\u00fcnk, ami sz\u00e1guld a szakad\u00e9kba&#8221; &#8211; Sz\u00f6g interj\u00fa"},"content":{"rendered":"<p style=\"text-align: justify;\">Komor dalsz\u00f6vegeivel \u00e9s nyers zen\u00e9j\u00e9vel a Sz\u00f6g \u00faj sz\u00ednt hozott hazai punk\/oi! sz\u00ednt\u00e9rre tavaly \u00e9v v\u00e9g\u00e9n. M\u00falt h\u00e9ten ker\u00fclt fel a netre egy \u00faj single t\u0151l\u00fck, Meszesg\u00f6d\u00f6r c\u00edmmel.\u00a0 A zenekar alap\u00edt\u00f3j\u00e1val, R\u00e9divel k\u00e9sz\u00edtett\u00fcnk egy r\u00f6vid interj\u00fat.<\/p>\n<p style=\"text-align: justify;\"><strong>Viszonylag ritk\u00e1n alap\u00edt valaki egyed\u00fcl Oi! zenekart, majd k\u00e9sz\u00edt egy EP-t. Mi\u00e9rt d\u00f6nt\u00f6tt\u00e9l \u00fagy, hogy mag\u00e1nyosan kezdesz neki egy ilyen projektnek?<br \/>\n<\/strong>Mindig szerettem egyed\u00fcl lemezeket \u00edrni, meg persze k\u00f6z\u00f6sen m\u00e1sokkal is, sz\u00f3val ez nem volt \u00faj dolog nekem. A Sz\u00f6get az\u00e9rt csin\u00e1ltam meg, mert m\u00e1r r\u00e9g\u00f3ta szerettem volna egy olyan Oi! zenekart, amiben \u00f6sszegy\u00farom a kedvenc dolgaimat ezen a st\u00edluson bel\u00fcl.<\/p>\n<p><iframe style=\"border: 0; width: 100%; height: 120px;\" src=\"https:\/\/bandcamp.com\/EmbeddedPlayer\/album=1624387845\/size=large\/bgcol=ffffff\/linkcol=0687f5\/tracklist=false\/artwork=small\/transparent=true\/\" seamless=\"\"><a href=\"http:\/\/szog.bandcamp.com\/album\/st-ep\">ST EP by Sz\u00f6g<\/a><\/iframe><\/p>\n<p style=\"text-align: justify;\"><strong>Milyen volt a fogadtat\u00e1sa az anyagnak? Tavaszra m\u00e1r zenekar lett a Sz\u00f6gb\u0151l, k\u00e9t koncertet is nyomtatok, ezek hogy siker\u00fcltek?<\/strong><\/p>\n<p style=\"text-align: justify;\">Meglep\u0151en sok embernek tetszett, aminek \u00f6r\u00fcltem. Mindk\u00e9t koncert j\u00f3 volt bel\u00fclr\u0151l, szerintem t\u00f6k\u00f6sen j\u00e1tszottunk. Ez a tri\u00f3 a lehet\u0151 legjobb fel\u00e1ll\u00e1s zenekark\u00e9nt.<\/p>\n<p style=\"text-align: justify;\"><strong>Nemr\u00e9g ker\u00fclt ki bandcampre a Meszesg\u00f6d\u00f6r single, k\u00e9t \u00faj dallal.\u00a0 Ez, illetve a kor\u00e1bbi EP el\u00e9rhet\u0151 lesz valamilyen form\u00e1ban fizik\u00e1lisan is?<\/strong><\/p>\n<p style=\"text-align: justify;\">Az els\u0151 lemez kazett\u00e1n, a m\u00e1sodik pedig 7&#8243;-en jelenik majd meg k\u00e9zzel foghat\u00f3 form\u00e1ban \u00e9s maximum 30-30 db lesz bel\u0151l\u00fck. Ezen k\u00edv\u00fcl lesznek \u00faj p\u00f3l\u00f3k a Meszesg\u00f6d\u00f6r albumbor\u00edt\u00f3j\u00e1nak mint\u00e1j\u00e1val. A kazi \u00e9s a lemez nem tudom, hogy mikor lesznek meg, p\u00f3l\u00f3k hamarosan.<\/p>\n<p><iframe style=\"border: 0; width: 100%; height: 120px;\" src=\"https:\/\/bandcamp.com\/EmbeddedPlayer\/album=4015386494\/size=large\/bgcol=ffffff\/linkcol=0687f5\/tracklist=false\/artwork=small\/transparent=true\/\" seamless=\"\"><a href=\"http:\/\/szog.bandcamp.com\/album\/meszesg-d-r-single\">Meszesg\u00f6d\u00f6r Single by Sz\u00f6g<\/a><\/iframe><\/p>\n<p style=\"text-align: justify;\"><strong>A dalsz\u00f6vegek el\u00e9g borong\u00f3s hangv\u00e9tel\u0171ek, de aki l\u00e1tja a val\u00f3s\u00e1got \u00e9s azt, ami ma t\u00f6rt\u00e9nik Magyarorsz\u00e1gon, az k\u00f6nnyen tud vel\u00fck azonosulni. Szerinted tov\u00e1bb cs\u00faszunk lefel\u00e9 vagy egyszer lesz es\u00e9ly az \u00e1tlagembereknek egy jobb \u00e9letre itthon?<\/strong><\/p>\n<p style=\"text-align: justify;\">Sajnos egy olyan kocsiban \u00fcl\u00fcnk, ami sz\u00e1guld a szakad\u00e9kba, vagy mondhatn\u00e1m azt is, hogy zuhan. Szeretn\u00e9k valami j\u00f3t vagy b\u00edztat\u00f3t mondani, de nem tudok. A kapzsi, korrupt, gazdag &#8222;vezet\u0151&#8221; r\u00e9teg teljesen ellehetetlen\u00edti az emberek \u00e9let\u00e9t. Kem\u00e9ny munk\u00e1\u00e9rt cser\u00e9be k\u00fczd\u00e9s a meg\u00e9lhet\u00e9s\u00e9rt, ami gener\u00e1ci\u00f3r\u00f3l gener\u00e1ci\u00f3ra kil\u00e1t\u00e1stalans\u00e1got \u00e9s j\u00f6v\u0151k\u00e9ptelens\u00e9get sz\u00fcl. Demag\u00f3g propaganda, amivel t\u00f6megek agy\u00e1t moss\u00e1k \u00e1t, (szub)kultur\u00e1lis helyek bez\u00e1rat\u00e1sa politikai okok miatt, \u00e9rtelmis\u00e9giek \u00fcld\u00f6z\u00e9se, az oszt\u00e1lyok k\u00f6z\u00f6tti k\u00fcl\u00f6nbs\u00e9gek pedig most a legnagyobbak, ami\u00f3ta \u00e9n \u00e9lek. A jelenlegi helyzetben azt mondom, hogy semmi es\u00e9ly itthon a jobb \u00e9letre.<\/p>\n<p><img loading=\"lazy\" decoding=\"async\" class=\"alignright size-full wp-image-3174\" src=\"https:\/\/rudetown.hu\/wp-content\/uploads\/2018\/08\/IMG_20180804_195815_375.jpg\" alt=\"\" width=\"2186\" height=\"1865\" srcset=\"https:\/\/rudetown.hu\/wp-content\/uploads\/2018\/08\/IMG_20180804_195815_375.jpg 2186w, https:\/\/rudetown.hu\/wp-content\/uploads\/2018\/08\/IMG_20180804_195815_375-300x256.jpg 300w, https:\/\/rudetown.hu\/wp-content\/uploads\/2018\/08\/IMG_20180804_195815_375-768x655.jpg 768w, https:\/\/rudetown.hu\/wp-content\/uploads\/2018\/08\/IMG_20180804_195815_375-1024x874.jpg 1024w\" sizes=\"auto, (max-width: 2186px) 100vw, 2186px\" \/><\/p>\n<p style=\"text-align: justify;\"><strong>Nemr\u00e9g k\u00f6lt\u00f6zt\u00e9l haza Angli\u00e1b\u00f3l. J\u00e1rt\u00e1l ott koncertre vagy foci meccsre? Esetleg siker\u00fclt eljutni p\u00e1r punk szempontb\u00f3l kultikus helyre?<\/strong><\/p>\n<p style=\"text-align: justify;\">Persze! Szabadnapokon \u00e9s\/vagy mel\u00f3 ut\u00e1n egyfolyt\u00e1ban koncertekre j\u00e1rtam. Volt egy band\u00e1m is, felvett\u00fcnk 3 sz\u00e1mot, de sajnos nem volt koncert\u00fcnk. Sok kir\u00e1ly zenekart siker\u00fclt l\u00e1tnom \u00e9s sok olyan helyen is voltam, amik anno kultikusak voltak a punk rock szc\u00e9n\u00e1ban a 70-es, 80-as \u00e9vekben. Nyilv\u00e1n a mostani helyek a legfontosabbak kint, mint pl. a DIY Space for London vagy a New River Studios, mert 2018 van nem &#8217;77 vagy &#8217;82, de nekem a r\u00e9gi helyek is fontosak. Nem nosztalgi\u00e1b\u00f3l, hanem fanatikus rajong\u00e1sb\u00f3l a punk rock ir\u00e1nt. Sz\u00f3val egy-k\u00e9t hely, amihez odamentem zen\u00e9vel meg p\u00e1r s\u00f6rrel:<\/p>\n<p style=\"text-align: justify;\">Marquee, ami 1958-2008-ig nyitva volt, azt\u00e1n a Roxy Club a Covent Gardenen, amit 76 v\u00e9g\u00e9n az\u00e9rt vettek ki\/\u00e1t, hogy kiz\u00e1r\u00f3lag punk zenekaroknak legyen lehet\u0151s\u00e9g\u00fck koncertezni. A hely\u00e9n egy Speedo sportbolt van most, bementem, \u00e9s v\u00e1gt\u00e1k, hogy ez volt a Roxy. A Hope &amp; Anchorban is voltam, ami m\u00e9g mindig nyitva van ugyan\u00fagy. Fent kocsma, pinc\u00e9ben koncertek. Volt itt t\u00f6bbek k\u00f6z\u00f6tt Joy Division is. Azt\u00e1n m\u00e9g a r\u00e9gi Dingwalls, 100 club, Roundhouse, Speakeasy. Egy r\u00e9sz\u00fck m\u00e1r nincs meg vagy m\u00e1s a neve. Focimeccsen is voltam, a Clapton FC meccs\u00e9n, ami egy kis londoni csapat \u00e9s hulig\u00e1nok vagy casualok helyett ultr\u00e1i vannak, ami el\u00e9g ritka Angli\u00e1ban. Rajtuk k\u00edv\u00fcl csak a Crystal Palace-r\u00f3l tudom, hogy van ultra csoportjuk. Egy\u00e9bk\u00e9nt antifasiszta a Clapton Ultras, ami f\u0151leg nagyon szimpatikus volt a hangulat \u00e9s a szurkol\u00e1s mellett. Am\u00fagy Tottenhamben laktam egy pub felett, ami &#8216;spurs szurkol\u00f3i hely, sz\u00f3val l\u00e1ttam ott is eleget, de ugye nem nekik drukkolok, hanem a Liverpool FC-nek. Idegenben nem mentem Pool meccsre, mert el\u0151sz\u00f6r az Anfielden akarom l\u00e1tni a kedvenc csapatom. Ja, meg csin\u00e1ltam egy stadiont\u00far\u00e1t. A legt\u00f6bb helyre meccsnapon mentem, de csak a stadionok k\u00f6r\u00fcl l\u00f3fr\u00e1ltam meccsek el\u0151tt\/ut\u00e1n. P\u00e9ld\u00e1ul Millwall t\u00e9nyleg para, \u00e9ppen ez\u00e9rt oda h\u00e1romszor is visszamentem.<\/p>\n<p><img loading=\"lazy\" decoding=\"async\" class=\"alignright size-full wp-image-3173\" src=\"https:\/\/rudetown.hu\/wp-content\/uploads\/2018\/08\/30715639_313880972477057_6555691660884312064_o.jpg\" alt=\"\" width=\"1024\" height=\"683\" srcset=\"https:\/\/rudetown.hu\/wp-content\/uploads\/2018\/08\/30715639_313880972477057_6555691660884312064_o.jpg 1024w, https:\/\/rudetown.hu\/wp-content\/uploads\/2018\/08\/30715639_313880972477057_6555691660884312064_o-300x200.jpg 300w, https:\/\/rudetown.hu\/wp-content\/uploads\/2018\/08\/30715639_313880972477057_6555691660884312064_o-768x512.jpg 768w\" sizes=\"auto, (max-width: 1024px) 100vw, 1024px\" \/><\/p>\n<p style=\"text-align: justify;\"><strong>Okt\u00f3ber 20-\u00e1n a D\u00fcrerben j\u00e1tszotok, de ut\u00e1na mik a tervek a tov\u00e1bbiakban? \u00daj lemez vagy tov\u00e1bbi koncertek v\u00e1rhat\u00f3k?<br \/>\n<\/strong>A D\u00fcreres buli ut\u00e1n sem lesz sok koncert\u00fcnk. \u00daj lemez lesz, de nem id\u00e9n, az biztos.<br \/>\nK\u00f6szi az interj\u00fat!<br \/>\nBorn to lose, Live to win!<\/p>\n<p><div class=\"ose-youtube ose-uid-eb22a11a2c7966e4f0a9a079af48fb54 ose-embedpress-responsive\" style=\"width:560px; height:315px; max-height:315px; max-width:100%; display:inline-block;\" data-embed-type=\"Youtube\"><iframe loading=\"lazy\" allowFullScreen=\"true\" title=\"SZ\u00d6G  - Perem - Szigony@Veszpr\u00e9m\" width=\"560\" height=\"315\" src=\"https:\/\/www.youtube.com\/embed\/0KnHOWG1xO8?feature=oembed&color=red&rel=0&controls=1&start=&end=&fs=0&iv_load_policy=0&autoplay=0&mute=0&modestbranding=0&cc_load_policy=1&playsinline=1\" frameborder=\"0\" allow=\"accelerometer; encrypted-media;accelerometer;autoplay;clipboard-write;gyroscope;picture-in-picture clipboard-write; encrypted-media; gyroscope; picture-in-picture; web-share\" referrerpolicy=\"strict-origin-when-cross-origin\" allowfullscreen><\/iframe><\/div><\/p>\n","protected":false},"excerpt":{"rendered":"<div class=\"mh-excerpt\"><p>Komor dalsz\u00f6vegeivel \u00e9s nyers zen\u00e9j\u00e9vel a Sz\u00f6g \u00faj sz\u00ednt hozott hazai punk\/oi! sz\u00ednt\u00e9rre tavaly \u00e9v v\u00e9g\u00e9n. M\u00falt h\u00e9ten ker\u00fclt fel a netre egy \u00faj single <a class=\"mh-excerpt-more\" href=\"https:\/\/rudetown.hu\/?p=3167\" title=\"&#8222;Sajnos egy olyan kocsiban \u00fcl\u00fcnk, ami sz\u00e1guld a szakad\u00e9kba&#8221; &#8211; Sz\u00f6g interj\u00fa\">[&#8230;]<\/a><\/p>\n<\/div>","protected":false},"author":1,"featured_media":3169,"comment_status":"closed","ping_status":"open","sticky":false,"template":"","format":"standard","meta":{"footnotes":""},"categories":[7,5,4],"tags":[50,100,39,38,59,264,51],"class_list":["post-3167","post","type-post","status-publish","format-standard","has-post-thumbnail","hentry","category-interjuk","category-magazin","category-osszes_hir","tag-budapest","tag-hungary","tag-oi-2","tag-punk","tag-skinhead","tag-szog","tag-szombathely"],"_links":{"self":[{"href":"https:\/\/rudetown.hu\/index.php?rest_route=\/wp\/v2\/posts\/3167","targetHints":{"allow":["GET"]}}],"collection":[{"href":"https:\/\/rudetown.hu\/index.php?rest_route=\/wp\/v2\/posts"}],"about":[{"href":"https:\/\/rudetown.hu\/index.php?rest_route=\/wp\/v2\/types\/post"}],"author":[{"embeddable":true,"href":"https:\/\/rudetown.hu\/index.php?rest_route=\/wp\/v2\/users\/1"}],"replies":[{"embeddable":true,"href":"https:\/\/rudetown.hu\/index.php?rest_route=%2Fwp%2Fv2%2Fcomments&post=3167"}],"version-history":[{"count":5,"href":"https:\/\/rudetown.hu\/index.php?rest_route=\/wp\/v2\/posts\/3167\/revisions"}],"predecessor-version":[{"id":3175,"href":"https:\/\/rudetown.hu\/index.php?rest_route=\/wp\/v2\/posts\/3167\/revisions\/3175"}],"wp:featuredmedia":[{"embeddable":true,"href":"https:\/\/rudetown.hu\/index.php?rest_route=\/wp\/v2\/media\/3169"}],"wp:attachment":[{"href":"https:\/\/rudetown.hu\/index.php?rest_route=%2Fwp%2Fv2%2Fmedia&parent=3167"}],"wp:term":[{"taxonomy":"category","embeddable":true,"href":"https:\/\/rudetown.hu\/index.php?rest_route=%2Fwp%2Fv2%2Fcategories&post=3167"},{"taxonomy":"post_tag","embeddable":true,"href":"https:\/\/rudetown.hu\/index.php?rest_route=%2Fwp%2Fv2%2Ftags&post=3167"}],"curies":[{"name":"wp","href":"https:\/\/api.w.org\/{rel}","templated":true}]}}