{"id":2641,"date":"2017-07-12T18:09:14","date_gmt":"2017-07-12T18:09:14","guid":{"rendered":"http:\/\/rudetown.hu\/?p=2641"},"modified":"2017-07-13T09:46:14","modified_gmt":"2017-07-13T09:46:14","slug":"reggae-camp-ska-szemmel","status":"publish","type":"post","link":"https:\/\/rudetown.hu\/?p=2641","title":{"rendered":"Reggae Camp &#8211; Ska szemmel!"},"content":{"rendered":"<p style=\"text-align: justify;\">Mint tudjuk a Reggae Camp nem csak a reggae hazai \u00fcnnepe, hanem a ska zen\u00e9i. Ez az egyetlen hazai k\u00f6nny\u0171zenei fesztiv\u00e1l, ahol a st\u00edlus hazai k\u00e9pvisel\u0151i legnagyobb sz\u00e1mba el\u0151fordulhatnak. A nagyobb zenekar mellett a szervez\u0151k a felt\u00f6rekv\u0151ket is t\u00e1mogatja a ReGeneration programmal, \u00edgy a kev\u00e9sb\u00e9 ismert nevek is helyet \u00e9s id\u0151t kapnak, hogy m\u00e9g t\u00f6bb embernek mutathass\u00e1k meg, hogy mire is k\u00e9pesek. Mi most \u00f6sszeszedj\u00fck a ska zenekarokat, hogy m\u00e9g jobban kedved csin\u00e1ljunk, hogy leutazzatok Cegl\u00e9dre k\u00e9t h\u00e9t m\u00falva! Akiknek tudjuk a fell\u00e9p\u00e9si d\u00e1tum\u00e1t, azoknak azt is oda\u00edrtuk.<\/p>\n<p style=\"text-align: justify;\">A sorban a honi ska sz\u00ednt\u00e9r legnagyobb neve <strong>a Pannonia Allstars Ska Orchestra<\/strong>. A banda 2003. tavasz\u00e1n alakult, az\u00f3ta a vil\u00e1g minden t\u00e1j\u00e1n megismert\u00e9k a nev\u00fcket. \u00a0Idehaza az \u00f6sszes zenei fesztiv\u00e1lra alap a jelenl\u00e9t\u00fck. A tradicion\u00e1lis ska \u00e9s a magyar n\u00e9p zene elemeit is felhaszn\u00e1lva l\u00e9trehozta a saj\u00e1t, egyedi hangz\u00e1s vil\u00e1g\u00e1t. Ezzel a hangz\u00e1ssal el\u00e9gg\u00e9 hamar az underground klubokb\u00f3l egyenesen a Sziget Fesztiv\u00e1l Nagysz\u00ednpadj\u00e1ig torn\u00e1szta fel mag\u00e1t.<br \/>\nFell\u00e9pnek: j\u00falius 29 \u2013 szombat <a href=\"https:\/\/www.facebook.com\/pannoniaallstars\/?fref=ts\">facebook<\/a><\/p>\n<p style=\"text-align: justify;\"><iframe loading=\"lazy\" src=\"https:\/\/www.youtube.com\/embed\/0Kfeow1OpAg\" width=\"640\" height=\"360\" frameborder=\"0\" allowfullscreen=\"allowfullscreen\"><\/iframe><\/p>\n<p style=\"text-align: justify;\">A <strong>Tizenh\u00e9t<\/strong>nek a 2017. az \u00fajj\u00e1alakul\u00e1s \u00e9ve. A szombathelyi sr\u00e1cok idehaza sokak szerint a m\u0171faj legjobbjai voltak. P\u00f6rg\u0151s, er\u0151teljes 2tone sz\u00e1mok! Nagy \u00f6r\u00f6m sz\u00e1munkra, hogy a Reggae Camp-re is megh\u00edv\u00e1st kaptak, ezzel m\u00e9g egy lehet\u0151s\u00e9g a sz\u00e1munkra, hogy \u00e9l\u0151ben l\u00e1thassuk \u0151ket.<br \/>\nFell\u00e9pnek: j\u00falius 26 \u2013 szerda <a href=\"https:\/\/www.facebook.com\/tizenhetska\/?fref=ts\">facebook<\/a><\/p>\n<p style=\"text-align: justify;\"><iframe loading=\"lazy\" src=\"https:\/\/www.youtube.com\/embed\/fGLmqu9ld_0\" width=\"640\" height=\"360\" frameborder=\"0\" allowfullscreen=\"allowfullscreen\"><\/iframe><\/p>\n<p style=\"text-align: justify;\">A <strong>StabilFraz\u00edr<\/strong> egyenes Baj\u00e1r\u00f3l j\u00f6n, hogy megmozd\u00edtsa a k\u00f6z\u00f6ns\u00e9get. Gay Tam\u00e1s\u00e9k igaz\u00e1n b\u00fcszk\u00e9k lehetnek arra, hogy ut\u00e1nuk 20 \u00e9vvel \u00fajra egy bajai zenekar k\u00e9pviselteti mag\u00e1t a ska szc\u00e9n\u00e1ba. El\u00e9gg\u00e9 sok sikerrel. A Lad\u00e1nybene27 is p\u00e1r \u00e9ve a sz\u00e1rnyai al\u00e1 vette a band\u00e1t, hogy a zen\u00e9j\u00fcket min\u00e9l t\u00f6bb emberrel megismertethess\u00e9k. Zen\u00e9j\u00fckbe heged\u0171vel csemp\u00e9sznek bele egy kis n\u00e9pzenei hangz\u00e1st. Sz\u00f6vegeik magyarul sz\u00f3lalnak meg, melyek kritikusak \u00e9s sokszor viccesek.<br \/>\nFell\u00e9pnek: j\u00falius 29 \u2013 szombat <a href=\"https:\/\/www.facebook.com\/StabilFrazir\/?fref=ts\">facebook<\/a><\/p>\n<p style=\"text-align: justify;\"><iframe loading=\"lazy\" src=\"https:\/\/www.youtube.com\/embed\/jfMek8Id4-c\" width=\"640\" height=\"360\" frameborder=\"0\" allowfullscreen=\"allowfullscreen\"><\/iframe><\/p>\n<p style=\"text-align: justify;\">J\u00f3 l\u00e1tni, hogy azon v\u00e1rosokb\u00f3l, ahol a \u201980-as \u00e9vekben p\u00f6rg\u00f6tt a ska, t\u00f6rnek ki \u00faj zenekarok. Ezek a nevek k\u00f6z\u00e9 tartozik a miskolci <strong>Before The Last<\/strong> is. \u00a0Fiatalos zen\u00e9j\u00fck k\u00f6nnyen befogadhat\u00f3 \u00e9s megszerethet\u0151. Rem\u00e9lj\u00fck \u00e9l\u0151ben is hasonl\u00f3an j\u00f3k lesznek, mint a neten el\u00e9rhet\u0151 sz\u00e1maik alapj\u00e1n.<br \/>\nFell\u00e9pnek: j\u00falius \u2013 <a href=\"https:\/\/www.facebook.com\/beforethelast\/?fref=ts\">facebook<\/a><\/p>\n<p style=\"text-align: justify;\"><iframe loading=\"lazy\" src=\"https:\/\/www.youtube.com\/embed\/vxq_Mi76CuA\" width=\"640\" height=\"360\" frameborder=\"0\" allowfullscreen=\"allowfullscreen\"><\/iframe><\/p>\n<p style=\"text-align: justify;\">Lesz egy m\u00e1sik banda is Miskolcr\u00f3l. Ez nem m\u00e1s, mint a <strong>Sky Fanatic<\/strong>. A Before The Last-hoz hasonl\u00f3an \u0151k sem k\u00edm\u00e9lik a t\u00e1ncos l\u00e1bakat a zen\u00e9j\u00fckkel. \u00c9lvezhet\u0151 \u00e9s lend\u00fcletes zen\u00e9j\u00fck biztosan t\u00e1ncra h\u00edvja a massz\u00edvot!!<br \/>\nFell\u00e9pnek: j\u00falius 25 \u2013 kedd <a href=\"https:\/\/www.facebook.com\/sky.fanatic.band\/\">facebook<\/a><\/p>\n<p style=\"text-align: justify;\"><iframe loading=\"lazy\" src=\"https:\/\/www.youtube.com\/embed\/3SyU_1rZ_sA\" width=\"640\" height=\"360\" frameborder=\"0\" allowfullscreen=\"allowfullscreen\"><\/iframe><br \/>\nA <strong>Ska Tunes<\/strong> 3 \u00e9ve alakult Sopronban. A reperto\u00e1rjuk csak autentikus ska feldolgoz\u00e1sokat tartalmaznak. A youtube-on fellelhet\u0151 vide\u00f3k alapj\u00e1n a t\u00e1nc garant\u00e1lt!<br \/>\nFell\u00e9pnek: <a href=\"https:\/\/www.facebook.com\/SkaTunes\/\">facebook<\/a><br \/>\n<iframe loading=\"lazy\" src=\"https:\/\/www.youtube.com\/embed\/-mzDWkNiXH8\" width=\"640\" height=\"360\" frameborder=\"0\" allowfullscreen=\"allowfullscreen\"><\/iframe><br \/>\nA budapesti <strong>Bad Habit<\/strong> az, akivel m\u00e1r t\u00f6bbsz\u00f6r is tal\u00e1lkozhattatok az oldal has\u00e1bjain. A banda a f\u0151v\u00e1ros tal\u00e1n legakt\u00edvabb ska zenekar\u00e1nak mondhat\u00f3. Gyors, p\u00f6rg\u0151s zen\u00e9j\u00fckre mindenk\u00e9ppen t\u00e1ncra invit\u00e1lja az embereket. A sz\u00f6vegeik angol, de att\u00f3l m\u00e9g k\u00f6nnyen megtanulhat\u00f3k.<br \/>\nFell\u00e9pnek: j\u00falius 26 \u2013 szerda <a href=\"https:\/\/www.facebook.com\/badhabitbp\/?fref=ts\">facebook<\/a><br \/>\n<iframe loading=\"lazy\" src=\"https:\/\/www.youtube.com\/embed\/Fp42KaOZs0g\" width=\"640\" height=\"360\" frameborder=\"0\" allowfullscreen=\"allowfullscreen\"><\/iframe><br \/>\nA lista v\u00e9g\u00e9n a <strong>Western Sound System<\/strong> maradt, akik id\u00e9n a Derkovboisb\u00f3l ismert <strong>Fuxy<\/strong>-val egy\u00fctt p\u00f6rgetik a 2tone lemezeket. Fuxy Dublin legnevesebb skinhead selectora, a neve sokaknak ismer\u0151sen csenghet itthon. A Western Sound-t JD Littlehead \u00e9s Wada alkotja. Mind h\u00e1rom n\u00e9v asztala ink\u00e1bb a skinhead reggae, de szerda este a 2tone ska fogja a f\u0151szerepet kapni!<br \/>\nFell\u00e9pnek: j\u00falius 26 \u2013 szerda <a href=\"https:\/\/www.facebook.com\/westernsound\/?fref=ts\">WS facebbok<\/a> <a href=\"https:\/\/www.facebook.com\/hungariansbosssounds\/?fref=ts\">Fuxy facebook<\/a><\/p>\n<p style=\"text-align: justify;\">\u00c9s persze ne feledj\u00fck, a Reggae Camp-en a legszebbek a l\u00e1nyok, a legm\u00e9lyebbek a basszusok \u00e9s a legfinomabb a s\u00f6r! \u00a0<strong>UGORJ \u00c1T CEGL\u00c9DRE!<\/strong><\/p>\n<p style=\"text-align: justify;\">Tov\u00e1bbi inform\u00e1ci\u00f3:<br \/>\nReggae Camp <a href=\"https:\/\/www.facebook.com\/Lb27ReggaeCamp\/?fref=ts\" target=\"_blank\" rel=\"noopener noreferrer\">Facebook<\/a> | <a href=\"https:\/\/www.facebook.com\/events\/770828679741947\/?fref=ts\">Esem\u00e9ny\u00a0<\/a><\/p>\n","protected":false},"excerpt":{"rendered":"<div class=\"mh-excerpt\"><p>Mint tudjuk a Reggae Camp nem csak a reggae hazai \u00fcnnepe, hanem a ska zen\u00e9i. Ez az egyetlen hazai k\u00f6nny\u0171zenei fesztiv\u00e1l, ahol a st\u00edlus hazai <a class=\"mh-excerpt-more\" href=\"https:\/\/rudetown.hu\/?p=2641\" title=\"Reggae Camp &#8211; Ska szemmel!\">[&#8230;]<\/a><\/p>\n<\/div>","protected":false},"author":1,"featured_media":2610,"comment_status":"closed","ping_status":"open","sticky":false,"template":"","format":"standard","meta":{"footnotes":""},"categories":[6,11,4,53],"tags":[106,192,185,194,27,54,189,191,110,190,193],"class_list":["post-2641","post","type-post","status-publish","format-standard","has-post-thumbnail","hentry","category-esemenyek","category-fesztivalok","category-osszes_hir","category-reggeacamp","tag-bad-habit","tag-before-the-last","tag-cegled","tag-fuxy","tag-paso","tag-reggae-camp","tag-ska-tunes","tag-sky-fanatic","tag-stabilfrazir","tag-tizenhet","tag-western-sound"],"_links":{"self":[{"href":"https:\/\/rudetown.hu\/index.php?rest_route=\/wp\/v2\/posts\/2641","targetHints":{"allow":["GET"]}}],"collection":[{"href":"https:\/\/rudetown.hu\/index.php?rest_route=\/wp\/v2\/posts"}],"about":[{"href":"https:\/\/rudetown.hu\/index.php?rest_route=\/wp\/v2\/types\/post"}],"author":[{"embeddable":true,"href":"https:\/\/rudetown.hu\/index.php?rest_route=\/wp\/v2\/users\/1"}],"replies":[{"embeddable":true,"href":"https:\/\/rudetown.hu\/index.php?rest_route=%2Fwp%2Fv2%2Fcomments&post=2641"}],"version-history":[{"count":2,"href":"https:\/\/rudetown.hu\/index.php?rest_route=\/wp\/v2\/posts\/2641\/revisions"}],"predecessor-version":[{"id":2643,"href":"https:\/\/rudetown.hu\/index.php?rest_route=\/wp\/v2\/posts\/2641\/revisions\/2643"}],"wp:featuredmedia":[{"embeddable":true,"href":"https:\/\/rudetown.hu\/index.php?rest_route=\/wp\/v2\/media\/2610"}],"wp:attachment":[{"href":"https:\/\/rudetown.hu\/index.php?rest_route=%2Fwp%2Fv2%2Fmedia&parent=2641"}],"wp:term":[{"taxonomy":"category","embeddable":true,"href":"https:\/\/rudetown.hu\/index.php?rest_route=%2Fwp%2Fv2%2Fcategories&post=2641"},{"taxonomy":"post_tag","embeddable":true,"href":"https:\/\/rudetown.hu\/index.php?rest_route=%2Fwp%2Fv2%2Ftags&post=2641"}],"curies":[{"name":"wp","href":"https:\/\/api.w.org\/{rel}","templated":true}]}}