{"id":2427,"date":"2017-02-19T16:26:57","date_gmt":"2017-02-19T16:26:57","guid":{"rendered":"http:\/\/rudetown.hu\/?p=2427"},"modified":"2017-02-19T16:27:27","modified_gmt":"2017-02-19T16:27:27","slug":"ujvideki-szinter-bemutatasa-obecsejrol-fiskalni-racun-interju","status":"publish","type":"post","link":"https:\/\/rudetown.hu\/?p=2427","title":{"rendered":"Az \u00fajvid\u00e9ki sz\u00ednt\u00e9r bemutat\u00e1sa \u00d3becsejr\u0151l: Fiskalni Ra\u010dun interj\u00fa"},"content":{"rendered":"<p style=\"text-align: justify;\"><strong>Sakaval<\/strong>, a <strong>Fiskalni Ra\u010dun<\/strong> \u00e9nekes\u00e9vel a tavaly novemberi Hard Skin buli ut\u00e1n cimbor\u00e1ztunk \u00f6ssze. Kider\u00fclt, hogy az egyik legjobb \u00dajvid\u00e9khez k\u00f6thet\u0151 street-punk zenekar \u00e9nekese. Egy g\u00f6rbe este ut\u00e1n megbesz\u00e9lt\u00fck, hogy mindenk\u00e9ppen egy k\u00f6z\u00f6s bulit \u00f6sszehozunk illetve egy interj\u00fara is sort ker\u00edt\u00fcnk.\u00a0Az \u00dajvid\u00e9ki sz\u00ednt\u00e9r nagyon k\u00f6zvetlen, \u00a0bar\u00e1ts\u00e1gos \u00e9s egyedi. Nincs piper\u00e9z\u00e9s, p\u00f3zol\u00e1s. Mindenki a sz\u00edv\u00e9ben \u00e9rzi a st\u00edlust.<\/p>\n<p style=\"text-align: justify;\"><img loading=\"lazy\" decoding=\"async\" class=\"aligncenter size-content wp-image-2431\" src=\"https:\/\/rudetown.hu\/wp-content\/uploads\/2017\/02\/fiskalnir-650x276.jpg\" alt=\"\" width=\"650\" height=\"276\" \/><\/p>\n<p style=\"text-align: justify;\"><strong>Hello, Saka. K\u00f6szi a szabadid\u0151d\u00e9rt. Bemutatn\u00e1d r\u00f6viden a banda t\u00f6rt\u00e9net\u00e9t? Mi\u00f3ta vagytok egy\u00fctt? Kik a tagok?<\/strong><br \/>\nA zenekar 2008-ban alakult. Akkoriban sok volt a szabadid\u0151nk, ezt kihaszn\u00e1lva zen\u00e9lni kezdt\u00fcnk. Az els\u0151 p\u00e1r h\u00f3napban csak s\u00f6r\u00f6zt\u00fcnk \u00e9s <strong>4Skins<\/strong> \u00e9s <strong>Cock Sparrer<\/strong> feldolgoz\u00e1sokat j\u00e1tszottuk, illetve k\u00e9t saj\u00e1t sz\u00e1mot is \u00f6sszehoztunk. Sz\u00e9p id\u0151k voltak. Akartunk j\u00e1tszani egy koncertet \u00e9s ut\u00e1na feloszlani. 9 \u00e9v k\u00e9s\u0151bb m\u00e9g mindig egy\u00fctt akt\u00edvan egy\u00fctt zen\u00e9l\u00fcnk. A zenekar 5 j\u00f3 bar\u00e1tb\u00f3l \u00e1ll, akik a k\u00f6z\u00e9piskola \u00f3ta egy\u00fctt tolja. Szerintem ez a legfontosabb dolog egy zenekar sz\u00e1m\u00e1ra. A Bar\u00e1ts\u00e1g! Minden nap egy\u00fctt l\u00f3gunk, hanem akkor is telefonon besz\u00e9l\u00fcnk egym\u00e1ssal.<\/p>\n<p style=\"text-align: justify;\"><strong>Honnan j\u00f6tt a n\u00e9v, Fiskaln Racun?<\/strong><br \/>\nA nev\u00fcnk valami\u00e9rt mindig megnevetett. Ez egy igaz\u00e1n szar n\u00e9v. Ez azt jelenti, hogy sz\u00e1mla (amit a boltban kapsz \u2013 a szerk). Ha j\u00f3l eml\u00e9kszem, 14 \u00e9ves koromban d\u00f6nt\u00f6ttem el ha lesz egyszer egy band\u00e1m, akkor ez lesz a neve. Mikor 2008-ban megalakultunk, ez nem egy hossz\u00fat\u00e1v\u00fa terv volt, sz\u00f3val feldobtam a sr\u00e1coknak \u00e9s mindenkinek j\u00f3 volt. Rossz \u00f6tlet!<br \/>\nM\u00e1ra van egy defin\u00edci\u00f3nk, ami \u00edgy hangzik: \u00e9jf\u00e9li ut\u00e1ni street-punk a vil\u00e1g legrosszabb nev\u00e9vel.<\/p>\n<p><iframe loading=\"lazy\" src=\"https:\/\/www.youtube.com\/embed\/JPcss87C4xM\" width=\"640\" height=\"360\" frameborder=\"0\" allowfullscreen=\"allowfullscreen\"><\/iframe><\/p>\n<p style=\"text-align: justify;\">K\u00e9rlek besz\u00e9lj a zen\u00e9tekr\u0151l. Mennyi albumot adtatok ki m\u00e1ig? Kik voltak r\u00e1tok behat\u00e1ssal?<br \/>\nAz els\u0151 albumunkat 2010-ben adtuk ki Duh Ulice n\u00e9ven. Ezt k\u00f6vette k\u00e9t EP 2014-ben \u00e9s 2016-ban. Biztos vagyok benne, hogy le tudj\u00e1tok t\u00f6lteni ezeket a netr\u0151l. Ha nem, akkor a YouTubeon minden fent van. K\u00e9sz\u00fclnek \u00faj sz\u00e1mok is, m\u00e1r 3 k\u00e9sz van. A tavasszal r\u00f6gz\u00edtj\u00fck is \u0151ket. Kezdetben sok banda volt hat\u00e1ssal a zen\u00e9kre, de m\u00e1ra igaz\u00e1b\u00f3l csak zen\u00e9l\u00fcnk, nem igaz\u00e1n \u00e9rdekelnek a r\u00e1hat\u00e1sok. A terv az volt, hogy mi legy\u00fcnk r\u00e1hat\u00e1ssal \u00faj band\u00e1kra, de ez nem t\u00f6rt\u00e9nt meg. Nincsenek \u00faj sr\u00e1cok, \u00faj band\u00e1k. Csak a v\u00e9n csotrog\u00e1nyok, ha \u00e9rted mire gondolok.<\/p>\n<p style=\"text-align: justify;\"><strong>Mi v\u00e1r r\u00e1tok a j\u00f6v\u0151ben?<\/strong><br \/>\nA j\u00f6v\u0151ben szeretn\u00e9k \u00faj sz\u00e1mokat \u00e9s vide\u00f3kat \u00f6sszerakni, illetve koncertezni \u00e9s s\u00f6r\u00f6zni.<\/p>\n<p style=\"text-align: justify;\"><strong>Tavaly voltunk \u00dajvid\u00e9ken. A v\u00e1rosotok \u00e9s a sz\u00ednteretek remek. Hogy \u00edrn\u00e1d le egy sz\u00f3ban a sz\u00edntereteket? Illetve mi\u00e9rt pont ezzel?<\/strong><br \/>\nA sz\u00ednt\u00e9r remek volt. Most nem igaz\u00e1n h\u00edvhat\u00f3 sz\u00ednt\u00e9rnek.\u00a0 Valami, amely 4-5 zenekarb\u00f3l \u00e1ll, nem tekinthet\u0151 sz\u00ednt\u00e9rnek, \u00e9s mi nem Novi Sadb\u00f3l sz\u00e1rmazunk, hanem Becejb\u0151l, ami 50 km-re van \u00e9szakon NS-t\u0151l. Mindenki \u00fagy tudja, hogy a Fiskalni Racun Novi Sadb\u00f3l sz\u00e1ramzik de ez nem igaz. P\u00e1ran ott \u00e9l\u00fcnk, de a zenekar gy\u00f6kere nem oda val\u00f3si. Csak egy r\u00e9sze banda vagyunk, ami a Novi Sadi \u201esz\u00ednt\u00e9r\u201d r\u00e9sze.<\/p>\n<p style=\"text-align: justify;\"><img loading=\"lazy\" decoding=\"async\" class=\"aligncenter size-content wp-image-2432\" src=\"https:\/\/rudetown.hu\/wp-content\/uploads\/2017\/02\/novisad2016-650x276.jpg\" alt=\"\" width=\"650\" height=\"276\" \/><\/p>\n<p style=\"text-align: justify;\"><strong>Felt\u00e9telezem mindenki ismeri Szerbi\u00e1b\u00f3l a The Bayonets-et \u00e9s a Red Unioint. Megnevezn\u00e9l m\u00e1s zenekarokat, akikre kevesebb figyelem jutott?<\/strong><br \/>\nJa, mindenki ismeri a Red Uniont, a The Bayonets-et, a Bombert vagy Lazarath-ot. Ezek azok a band\u00e1k, amiket ismerhettek Magyarorsz\u00e1gon. De sz\u00e1momra az igazi sokk a 90-es \u00e9vek voltak. Persze, megnevezhetek p\u00e1r band\u00e1t \u00e9s javasolhatok hallgat\u00e1sra ezen band\u00e1kat. <strong>Atheist Rap<\/strong> az els\u0151. Ez olyan, mint a Biblia vagy a Kor\u00e1n. Azt\u00e1n kezdhettek a <strong>Mitesers<\/strong>-szel vagy Oi! hangz\u00e1ssal, amely nagyszer\u0171.<br \/>\n<strong>Vrisak Generacije, Provokacija, Blitzkrieg, Jedino Resenje, Pure Impact, General, Gereracija Bez Buducnosti<\/strong>, azt\u00e1n van p\u00e1r r\u00e9gi sulis hc, mint a <strong>No Speed Limit, Prolece,<\/strong>. Ska zenekarok k\u00f6z\u00fcl <strong>a Lost Propeleros<\/strong>t emeln\u00e9m ki. Azt\u00e1n az \u00fajabbak k\u00f6z\u00fcl ott vannak a Frontline, <strong>Selfimmolation <\/strong>amely r\u00e1szolg\u00e1lt, hogy rajta legyen a list\u00e1n. <strong>SOK91<\/strong>, \u00e9s a band\u00e1kat amiket m\u00e1r mondtam, <strong>The Bayonets, Bomber<\/strong> \u00e9s a nagyon fasza ska zenekar, a <strong>Ringispil<\/strong>.<br \/>\nRengeteg m\u00e1s zenekar meg lehetne m\u00e9g nevezni, ha valaki szeretne hallgatni t\u0151l\u00fck felv\u00e9telt, aj\u00e1nlom , hogy a YouTube-n keresg\u00e9ljen. Biztos fog tal\u00e1lni p\u00e1r kir\u00e1ly band\u00e1t.<\/p>\n<p><strong>Szerinted hol er\u0151sebb a punk sz\u00ednt\u00e9r, \u00dajvid\u00e9ken vagy Belgr\u00e1dban?<br \/>\n<\/strong>El\u0151sz\u00f6r is nem tudok semmit a belgr\u00e1di sz\u00ednt\u00e9rr\u0151l. Ismerek p\u00e1r band\u00e1t, p\u00e1r sr\u00e1cot. H\u00fcly\u00e9n fog hangzani, de t\u00f6bb ismerets\u00e9g\u00fcnk van Horv\u00e1torsz\u00e1gb\u00f3l, N\u00e9metorsz\u00e1gb\u00f3l vagy mondjuk Magyarorsz\u00e1gb\u00f3l, mint Belgr\u00e1db\u00f3l. P\u00e1r okot tudok, de n\u00e9h\u00e1nyat nem. Ez\u00e9rt tudok csak besz\u00e9lni a helyi sz\u00ednt\u00e9rr\u0151l, de a belgr\u00e1dir\u00f3l nem. \u00dajvid\u00e9kr\u0151l pedig m\u00e1r feljebb \u00edrtam.<\/p>\n<p><iframe loading=\"lazy\" src=\"https:\/\/www.youtube.com\/embed\/jP6ptY9BvpM\" width=\"640\" height=\"360\" frameborder=\"0\" allowfullscreen=\"allowfullscreen\"><\/iframe><\/p>\n<p style=\"text-align: justify;\"><strong>A United Colour Of Ska 2-n van egy szerb banda, a Direktori. Van egy sz\u00e1muk a Skinhead Skanking de emellett vannak nacionalista sz\u00e1muk is. Melyik oldalon harcolnak igaz\u00e1b\u00f3l?<br \/>\n<\/strong>A Direktori egy jobboldali banda. Nacionalist\u00e1k. A sz\u00f6vegeik egy r\u00e9sze \u00f6r\u00f6ks\u00e9g. Nem mondom, hogy mikor fiatal skinhead voltam nem hallgattam volna \u0151ket. Ha valaha szeretn\u00e9l jobbos zen\u00e9t hallgatni, akkor tal\u00e1lsz n\u00e1luk jobbat sz\u00f6vegileg \u00e9s zeneileg is. A Direktori j\u00f3, ha 13-14 \u00e9ves vagy. \u0150szint\u00e9n megvallom nem tudok semmit err\u0151l a v\u00e1logat\u00e1sr\u00f3l. Csak azt a sz\u00e1mot ismerem. F\u00fclbem\u00e1sz\u00f3, ahogy a t\u00e1ncol\u00f3 skinheadekr\u0151l \u00e9nekel, ha az eml\u00e9kezetem nem csal. Minden ok\u00e9 azzal a sz\u00e1mmal. De a t\u00f6bbivel igen. De, ha szeretn\u00e9l szerb ska zen\u00e9t hallgatni ink\u00e1bb m\u00e1ssal kezdj.<\/p>\n<p style=\"text-align: justify;\"><strong>Van egy\u00e9b z\u00e1r\u00f3 gondolatod?<br \/>\n<\/strong>K\u00f6sz\u00f6nj\u00fck az interj\u00fat, ez volt sz\u00e1munkra az els\u0151. Rem\u00e9lem hamarosan tal\u00e1lkozunk Budapesten.\u00a0 Rem\u00e9lem j\u00faliusban.\u00a0 Minden j\u00f3t.<\/p>\n<p>[bandcamp album=1669693576 bgcol=FFFFFF linkcol=4285BB size=venti]<\/p>\n","protected":false},"excerpt":{"rendered":"<div class=\"mh-excerpt\"><p>Sakaval, a Fiskalni Ra\u010dun \u00e9nekes\u00e9vel a tavaly novemberi Hard Skin buli ut\u00e1n cimbor\u00e1ztunk \u00f6ssze. Kider\u00fclt, hogy az egyik legjobb \u00dajvid\u00e9khez k\u00f6thet\u0151 street-punk zenekar \u00e9nekese. Egy <a class=\"mh-excerpt-more\" href=\"https:\/\/rudetown.hu\/?p=2427\" title=\"Az \u00fajvid\u00e9ki sz\u00ednt\u00e9r bemutat\u00e1sa \u00d3becsejr\u0151l: Fiskalni Ra\u010dun interj\u00fa\">[&#8230;]<\/a><\/p>\n<\/div>","protected":false},"author":1,"featured_media":2428,"comment_status":"closed","ping_status":"open","sticky":false,"template":"","format":"standard","meta":{"footnotes":""},"categories":[7,5,4,19,17],"tags":[155,153,154,108,156],"class_list":["post-2427","post","type-post","status-publish","format-standard","has-post-thumbnail","hentry","category-interjuk","category-magazin","category-osszes_hir","category-street-punk","category-zene","tag-becej","tag-fiskalni-racun","tag-novi-sad","tag-street-punk-2","tag-szerbia"],"_links":{"self":[{"href":"https:\/\/rudetown.hu\/index.php?rest_route=\/wp\/v2\/posts\/2427","targetHints":{"allow":["GET"]}}],"collection":[{"href":"https:\/\/rudetown.hu\/index.php?rest_route=\/wp\/v2\/posts"}],"about":[{"href":"https:\/\/rudetown.hu\/index.php?rest_route=\/wp\/v2\/types\/post"}],"author":[{"embeddable":true,"href":"https:\/\/rudetown.hu\/index.php?rest_route=\/wp\/v2\/users\/1"}],"replies":[{"embeddable":true,"href":"https:\/\/rudetown.hu\/index.php?rest_route=%2Fwp%2Fv2%2Fcomments&post=2427"}],"version-history":[{"count":5,"href":"https:\/\/rudetown.hu\/index.php?rest_route=\/wp\/v2\/posts\/2427\/revisions"}],"predecessor-version":[{"id":2436,"href":"https:\/\/rudetown.hu\/index.php?rest_route=\/wp\/v2\/posts\/2427\/revisions\/2436"}],"wp:featuredmedia":[{"embeddable":true,"href":"https:\/\/rudetown.hu\/index.php?rest_route=\/wp\/v2\/media\/2428"}],"wp:attachment":[{"href":"https:\/\/rudetown.hu\/index.php?rest_route=%2Fwp%2Fv2%2Fmedia&parent=2427"}],"wp:term":[{"taxonomy":"category","embeddable":true,"href":"https:\/\/rudetown.hu\/index.php?rest_route=%2Fwp%2Fv2%2Fcategories&post=2427"},{"taxonomy":"post_tag","embeddable":true,"href":"https:\/\/rudetown.hu\/index.php?rest_route=%2Fwp%2Fv2%2Ftags&post=2427"}],"curies":[{"name":"wp","href":"https:\/\/api.w.org\/{rel}","templated":true}]}}