{"id":2345,"date":"2016-12-07T18:26:50","date_gmt":"2016-12-07T18:26:50","guid":{"rendered":"http:\/\/rudetown.hu\/?p=2345"},"modified":"2016-12-07T18:26:50","modified_gmt":"2016-12-07T18:26:50","slug":"az-1979-es-2-tone-tour-avagy-a-ket-tonus-robbanasa","status":"publish","type":"post","link":"https:\/\/rudetown.hu\/?p=2345","title":{"rendered":"Az 1979-es 2-Tone Tour, avagy a k\u00e9t t\u00f3nus robban\u00e1sa"},"content":{"rendered":"<p style=\"text-align: justify;\">1979-ben a legvag\u00e1nyabb\u00a0sr\u00e1cok a <em>Monkey Man<\/em>re ropt\u00e1k a legjobban a 2-Tone turn\u00e9n, amelyen a z\u00e1szl\u00f3shaj\u00f3 a <strong>The Specials<\/strong> volt, el\u0151zenekaraik pedig a <strong>Madness<\/strong> \u00e9s a <strong>The Selecter<\/strong>. Az els\u0151 \u00e1llom\u00e1s okt\u00f3ber 19-\u00e9n volt a brightoni Top Rank-ban volt. A bulit mindig a The Selecter kezdte, majd \u0151ket k\u00f6vette a Madness \u00e9s a bulit a The Specials z\u00e1rta.<\/p>\n<p style=\"text-align: justify;\">Az 2-Tone vil\u00e1g\u00e1t egy Coventry-i lelk\u00e9sz fia, <strong>Jerry Dammers<\/strong> keltette \u00e9letre. \u0150 volt az atya a <strong>2-Tone Kiad\u00f3<\/strong>nak \u00e9s az \u00e9re kiemelked\u0151 pepita figur\u00e1j\u00e1nak, <strong>Walt Jabsco<\/strong>nak.<\/p>\n<p style=\"text-align: justify;\"><img loading=\"lazy\" decoding=\"async\" class=\"aligncenter size-full wp-image-2334\" src=\"https:\/\/rudetown.hu\/wp-content\/uploads\/2016\/12\/2-tone-title.jpg\" alt=\"2-tone-title\" width=\"900\" height=\"250\" srcset=\"https:\/\/rudetown.hu\/wp-content\/uploads\/2016\/12\/2-tone-title.jpg 900w, https:\/\/rudetown.hu\/wp-content\/uploads\/2016\/12\/2-tone-title-300x83.jpg 300w, https:\/\/rudetown.hu\/wp-content\/uploads\/2016\/12\/2-tone-title-768x213.jpg 768w\" sizes=\"auto, (max-width: 900px) 100vw, 900px\" \/><\/p>\n<p style=\"text-align: justify;\">1979-ben a punk ereje kicsit visszaesett. Nem volt m\u00e1r benne akkora er\u0151, mint a kezdetekben. Sok fiatal ez\u00e9rt valami \u00faj ut\u00e1n n\u00e9zel\u0151d\u00f6tt. Sokak sz\u00e1m\u00e1ra a 2-Tone elj\u00f6vetele volt a megv\u00e1lt\u00e1s. Az eg\u00e9sz mozgalom k\u00f6zpontja a komor \u00e9s sz\u00fcrke Coventry lett. Ahol nagy volt a munkan\u00e9lk\u00fclis\u00e9gi r\u00e1ta \u00e9s a fiataloknak nem sok j\u00f6v\u0151 k\u00e9p\u00fck volt. Ezek k\u00f6zz\u00e9 a sr\u00e1cok k\u00f6z\u00e9 tartozott Dammers is, aki zenei p\u00e1ly\u00e1j\u00e1t egy templomi k\u00f3rus tagjak\u00e9nt kezdte. Majd a The Who hat\u00e1s\u00e1ra meg\u00edzlelte a rockzene \u00edz\u00e9t. A suliban m\u0171v\u00e9szetet \u00e9s filmeszt\u00e9tik\u00e1t tanult. Itt ismerkedett meg a ska \u00e9s soul zen\u00e9kkel.<br \/>\nEls\u0151 band\u00e1ja a <strong>The Sissy Stone Souls Band<\/strong> volt, ahonnan kiv\u00e1gt\u00e1k. Ezut\u00e1n Londonban utazott, hogy a Pistols frontember\u00e9t, <strong>Johnny Rotten<\/strong>t r\u00e1vegye egy k\u00f6z\u00f6s punk band\u00e1ra. De ez nem v\u00e1lt be.<br \/>\nMiut\u00e1n visszat\u00e9rt Coventrybe \u00f6sszeszedett p\u00e1r ki\u00e9gett punk zen\u00e9szt \u00e9s \u00f6sszehozt\u00e1k a <strong>The Coventry Automatics<\/strong> nev\u0171 band\u00e1t. Sok n\u00e9vv\u00e1ltoz\u00e1s ut\u00e1n v\u00e9g\u00fcl a The Specials mellett d\u00f6nt\u00f6ttek.<br \/>\nA vicc az volt, hogy Dammers lak\u00e1s\u00e1n pr\u00f3b\u00e1ltak, mivel akkora zongor\u00e1ja volt, hogy azt nem tudt\u00e1k kivinni a lak\u00e1sb\u00f3l. A hangz\u00e1s nyers \u00e9s p\u00e1ratlan lett.<\/p>\n<p><iframe loading=\"lazy\" src=\"https:\/\/www.youtube.com\/embed\/YlWxvlQ8Zy4\" width=\"640\" height=\"360\" frameborder=\"0\" allowfullscreen=\"allowfullscreen\"><\/iframe><\/p>\n<p style=\"text-align: justify;\">Ugyanebben az \u00e9vben a legismertebb brit rudegirl <strong>Pauline Black<\/strong> m\u00e9g a Walsgrave-i K\u00f3rh\u00e1z radiol\u00f3gusa k\u00e9nt mel\u00f3zott, ez id\u0151 alatt kezdtek el pr\u00f3b\u00e1lni a helyi zen\u00e9szekb\u0151l \u00e1ll\u00f3 zenekarukkal, a The Selecterrel. Black am\u00fagy sz\u00e1rmaz\u00e1s\u00e1t tekintve emblematikus alakja volt a 2-Tone \u00e9r\u00e1nak. Belinda Magnusk\u00e9nt sz\u00fcletett 1953-ban, angol zsid\u00f3 \u00e9s nig\u00e9riai sz\u00e1rmaz\u00e1s\u00fa sz\u00fcl\u0151kt\u0151l.<\/p>\n<blockquote>\n<p style=\"text-align: justify;\"><em>Nyilv\u00e1nval\u00f3 volt a Mod\/Skinhead \u00fajj\u00e1\u00e9led\u00e9s \u00e9s pr\u00f3b\u00e1ltunk egy kiutat tal\u00e1lni arra, hogy biztosan ne menjen el az eg\u00e9sz a Nemzeti Front ir\u00e1ny\u00e1ban. Idealistak\u00e9nt gondolkoztam \u00e9s pr\u00f3b\u00e1ltam megfogni ezeket az emberek, \u00edgy amikor a banda st\u00edlus\u00e1t dolgoztuk ki elkezdt\u00fck a ska-t jobban el\u0151t\u00e9rbe helyezni, mint a reggae-t. Sokkal eg\u00e9szs\u00e9gesebbnek t\u0171nt egy olyan zen\u00e9t haszn\u00e1lni, ami m\u00e1r a brit zen\u00e9ben beleintegr\u00e1l\u00f3dott, ink\u00e1bb, mint feh\u00e9r sr\u00e1cok j\u00e1tsz\u00e1k mind a kett\u0151 st\u00edlust. Az 1940-es \u00e9s \u201950-es \u00e9vekben Professor Longhair hozta be a karibii ritmus, amikor a Jamaica \u00e1tvette a hangz\u00e1st New Orleansb\u00f3l. Keverve a fekete kubai jazzt az \u00e9szak-amerikai jazzel \u00e9s az afrikai ritmusokkal \u2013 ez volt a ska gy\u00f6kere. \u2013 <\/em>\u00edgy \u00edrta le zen\u00e9j\u00fcket Dammers.<\/p>\n<\/blockquote>\n<p style=\"text-align: justify;\">1979-ben a The Specials kiadta az deb\u00fct\u00e1l\u00f3 lemez\u00e9t, amit egyszer\u0171en csak \u2019Specials\u201d n\u00e9vre kereszteltek. A megjelen\u00e9st egy 40 \u00e1llom\u00e1sos turn\u00e9 k\u00f6vette Anglia szerte. A buli okt\u00f3ber 19-\u00e9n Brightonb\u00f3l indult \u00e9s november 9-ln Newcastle-ban z\u00e1rult. A koncertek \u00e1ltal\u00e1ban j\u00f3 hangulatban teltek el, de mivel a k\u00f6z\u00f6ns\u00e9gk\u00f6zt megtal\u00e1lhat\u00f3ak voltak a skinheadek, \u00edgy nem mindig m\u00falt el egy este vereked\u00e9s n\u00e9lk\u00fcl. B\u00e1r ezek botr\u00e1nyok sz\u00e1ma eleny\u00e9sz\u0151 volt, a m\u00e9dia pr\u00f3b\u00e1lta a The Specials k\u00f6z\u00f6ns\u00e9g\u00e9t balh\u00e9snak be\u00e1ll\u00edtani. Dammers elmond\u00e1sa szerint k\u00f6r\u00fclbel\u00fcl 4 koncertet kellett Terry Hallnak le\u00e1ll\u00edtani ezek miatt.<\/p>\n<p style=\"text-align: justify;\"><img loading=\"lazy\" decoding=\"async\" class=\"aligncenter size-full wp-image-2331\" src=\"https:\/\/rudetown.hu\/wp-content\/uploads\/2016\/12\/IMG_NEW.jpg\" alt=\"img_new\" width=\"1600\" height=\"1152\" srcset=\"https:\/\/rudetown.hu\/wp-content\/uploads\/2016\/12\/IMG_NEW.jpg 1600w, https:\/\/rudetown.hu\/wp-content\/uploads\/2016\/12\/IMG_NEW-300x216.jpg 300w, https:\/\/rudetown.hu\/wp-content\/uploads\/2016\/12\/IMG_NEW-768x553.jpg 768w, https:\/\/rudetown.hu\/wp-content\/uploads\/2016\/12\/IMG_NEW-1024x737.jpg 1024w\" sizes=\"auto, (max-width: 1600px) 100vw, 1600px\" \/><br \/>\nA f\u0151 zenekar mindig a The Specials volt. A The Selecter ind\u00edtotta a bulit, a Madness pedig tov\u00e1bb fokozta a hangulatot. De a buli v\u00e9g\u00e9n a Skinhead Moonstompra mind a h\u00e1rom zenekar a sz\u00ednpadra l\u00e9pett \u00e9s egy\u00fctt tombolt\u00e1k v\u00e9gig a z\u00e1r\u00f3sz\u00e1mot. Ez egyfajta trad\u00edci\u00f3v\u00e1 n\u0151tte ki mag\u00e1t. Sokszor nem csak zen\u00e9szek, hanem a k\u00f6z\u00f6ns\u00e9g egy r\u00e9sze is felm\u00e1szott a sz\u00ednpadra ezzel l\u00f6kve k\u00e1oszba a parti befejez\u00e9s\u00e9t.<br \/>\nMind a h\u00e1rom banda a The Roundhouseban pr\u00f3b\u00e1lt a turn\u00e9ra. Ez a hely szolg\u00e1lt alapul a g\u0151z kienged\u00e9s\u00e9re is, mert sokszor hajnalig tart\u00f3 pi\u00e1z\u00e1sok is rendeztek a pr\u00f3b\u00e1k mellett.<\/p>\n<p style=\"text-align: justify;\">Ez a turn\u00e9 sorozat lend\u00edtett a legnagyobbat a 2-Tone \u00e9ra kialakul\u00e1sban, mivel a sajt\u00f3 minden koncertr\u0151l besz\u00e1molt. \u00cdgy a turn\u00e9 v\u00e9g\u00e9re a minden iskol\u00e1ban, ifj\u00fas\u00e1gi klubban, koncerten, az utc\u00e1n \u00e9s az undergroundban is a 2-Tone lett a kiemelt zenei st\u00edlus. Megind\u00edtotta vil\u00e1gh\u00f3d\u00edt\u00f3 \u00fatj\u00e1ra ezzel egy\u00fctt a <strong>Bad Manners<\/strong>t, a <strong>The Beat<\/strong>et, a <strong>The Bodysnatcherts<\/strong>-t.<\/p>\n<p><iframe loading=\"lazy\" src=\"https:\/\/www.youtube.com\/embed\/glKCsbEa_zM\" width=\"640\" height=\"360\" frameborder=\"0\" allowfullscreen=\"allowfullscreen\"><\/iframe><\/p>\n","protected":false},"excerpt":{"rendered":"<div class=\"mh-excerpt\"><p>1979-ben a legvag\u00e1nyabb\u00a0sr\u00e1cok a Monkey Manre ropt\u00e1k a legjobban a 2-Tone turn\u00e9n, amelyen a z\u00e1szl\u00f3shaj\u00f3 a The Specials volt, el\u0151zenekaraik pedig a Madness \u00e9s a <a class=\"mh-excerpt-more\" href=\"https:\/\/rudetown.hu\/?p=2345\" title=\"Az 1979-es 2-Tone Tour, avagy a k\u00e9t t\u00f3nus robban\u00e1sa\">[&#8230;]<\/a><\/p>\n<\/div>","protected":false},"author":1,"featured_media":2332,"comment_status":"closed","ping_status":"open","sticky":false,"template":"","format":"standard","meta":{"footnotes":""},"categories":[4],"tags":[144,141,115,142,140],"class_list":["post-2345","post","type-post","status-publish","format-standard","has-post-thumbnail","hentry","category-osszes_hir","tag-2-tone","tag-madness","tag-ska","tag-the-selecter","tag-the-specials"],"_links":{"self":[{"href":"https:\/\/rudetown.hu\/index.php?rest_route=\/wp\/v2\/posts\/2345","targetHints":{"allow":["GET"]}}],"collection":[{"href":"https:\/\/rudetown.hu\/index.php?rest_route=\/wp\/v2\/posts"}],"about":[{"href":"https:\/\/rudetown.hu\/index.php?rest_route=\/wp\/v2\/types\/post"}],"author":[{"embeddable":true,"href":"https:\/\/rudetown.hu\/index.php?rest_route=\/wp\/v2\/users\/1"}],"replies":[{"embeddable":true,"href":"https:\/\/rudetown.hu\/index.php?rest_route=%2Fwp%2Fv2%2Fcomments&post=2345"}],"version-history":[{"count":3,"href":"https:\/\/rudetown.hu\/index.php?rest_route=\/wp\/v2\/posts\/2345\/revisions"}],"predecessor-version":[{"id":2348,"href":"https:\/\/rudetown.hu\/index.php?rest_route=\/wp\/v2\/posts\/2345\/revisions\/2348"}],"wp:featuredmedia":[{"embeddable":true,"href":"https:\/\/rudetown.hu\/index.php?rest_route=\/wp\/v2\/media\/2332"}],"wp:attachment":[{"href":"https:\/\/rudetown.hu\/index.php?rest_route=%2Fwp%2Fv2%2Fmedia&parent=2345"}],"wp:term":[{"taxonomy":"category","embeddable":true,"href":"https:\/\/rudetown.hu\/index.php?rest_route=%2Fwp%2Fv2%2Fcategories&post=2345"},{"taxonomy":"post_tag","embeddable":true,"href":"https:\/\/rudetown.hu\/index.php?rest_route=%2Fwp%2Fv2%2Ftags&post=2345"}],"curies":[{"name":"wp","href":"https:\/\/api.w.org\/{rel}","templated":true}]}}