{"id":2119,"date":"2016-03-21T09:51:46","date_gmt":"2016-03-21T09:51:46","guid":{"rendered":"http:\/\/rudetown.hu\/?p=2119"},"modified":"2016-03-21T09:55:03","modified_gmt":"2016-03-21T09:55:03","slug":"vi-punkmaraton","status":"publish","type":"post","link":"https:\/\/rudetown.hu\/?p=2119","title":{"rendered":"VI. PunkMaraton &#8211; 2016.05.14. @ V\u00e9g\u00e1llom\u00e1s Klub"},"content":{"rendered":"<p style=\"text-align: justify;\">Hossz\u00fa \u00e9vek kihagy\u00e1sa ut\u00e1n tavaly \u00fajra egy maratoni pog\u00f3ra h\u00edvt\u00e1k a hazai street-punk sz\u00ednteret a szombathelyi sr\u00e1cok. El\u00e9gj\u00f3l s\u00fclt el, ez\u00e9rt id\u00e9n \u00fajra belev\u00e1gnak a szervez\u00e9sbe \u00e9s \u00e9letre h\u00edvj\u00e1k a VI. PunkMaratont.<\/p>\n<p>Id\u00e9n 12 zenekart szerveznek, melyb\u0151l 10 a haza sz\u00ednt\u00e9rr\u0151l, 2 pedig a hat\u00e1ron t\u00falr\u00f3l fog ell\u00e1togatni \u00e9s 2 sz\u00ednpadon fogj\u00e1k h\u00fazni a talpal\u00e1val\u00f3t.<br \/>\nA honi nevek mindenkinek ismertek lehetnek, aki egy kicsit is j\u00e1rtas a punk\/street-punk sz\u00ednt\u00e9ren. Akik tal\u00e1n kit\u0171nnek a hazai sorb\u00f3l, az <strong>Mysterious Ritual<\/strong>, ami ink\u00e1bb egyfajta pszichedelikus, post-punk\/post-hardcore kever\u00e9ket j\u00e1tszik, ami els\u0151 hall\u00e1sra fur\u00e1nak t\u0171nik, de m\u00e9gis van benne valami elragad\u00f3, megfog\u00f3. Biztosan ki fognak \u00e1llni a sorb\u00f3l a zen\u00e9j\u00fckkel, de m\u00e9gis \u00e9rdemes r\u00e1juk id\u0151t sz\u00e1nni.<br \/>\nAz <strong>Ut\u00f3pia<\/strong> a felvid\u00e9ki \u00c9rsek\u00fajv\u00e1rr\u00f3l fog \u00e9rkezni, a \u201977-es punkot sokszor hardcore elemekkel tark\u00edt\u00f3 zenekar t\u00f6bbsz\u00f6r is megfordult Magyarorsz\u00e1gon. 2 \u00e9ve vett\u00e9k fel \u201eEmber vagyok\u201d EP-j\u00fcket.<br \/>\nA b\u00e9csi <strong>2nd Class Subtites<\/strong> 4 \u00e9ve alakult. Zen\u00e9j\u00fck a t\u00f6k\u00f6s punkrock fel\u00e9 h\u00faz. Els\u0151 hall\u00e1sra, olyan, mintha egy kaliforniai punkfesztiv\u00e1lon p\u00f6r\u00f6gne az ember, ahol egy-k\u00e9t brit \u0151spunk banda is helyett kapott volna. Most \u00e1prilisban jelenik meg az els\u0151 lemez\u00fck, amib\u0151l rem\u00e9lhet\u0151leg a \u201eMaratonra\u201d is hoznak magukkal majd.<\/p>\n<p>Fell\u00e9p\u0151k:<\/p>\n<p>&#8211; <strong>H\u00e9tk\u00f6znaPICSAl\u00f3d\u00e1sok<\/strong> <a href=\"https:\/\/www.facebook.com\/hetkoznapicsalodasok\">FB<\/a><br \/>\n&#8211; <strong>Fegyelmez\u0151 R\u00e9szleg<\/strong> <a href=\"https:\/\/www.facebook.com\/fegyelmezoreszleg\">FB<\/a><br \/>\n&#8211; <strong>Derkovbois<\/strong> <a href=\"https:\/\/www.facebook.com\/derkovbois\">FB<\/a> | <a href=\"https:\/\/derkovbois.bandcamp.com\/\">BandCamp<\/a><br \/>\n&#8211; <strong>Barackca<\/strong> <a href=\"https:\/\/www.facebook.com\/barackcapunkhc\/\">FB<\/a><br \/>\n&#8211; <strong>BelfegOi!<\/strong> <a href=\"https:\/\/www.facebook.com\/Belfegoi-508309885878171\/?ref=ts&amp;fref=ts\">FB<\/a><br \/>\n&#8211; <strong>Mysterious Ritual <\/strong><a href=\"https:\/\/www.facebook.com\/mysteriousyouth\">FB<\/a> | <a href=\"http:\/\/mysteriousritual.bandcamp.com\/\">BandCamp<\/a><br \/>\n<strong>&#8211; Dealer Bt<\/strong> <a href=\"https:\/\/www.facebook.com\/Dealer-Bt-883583511733622\/?fref=ts\">FB<\/a><br \/>\n<strong>&#8211; Kinek Besz\u00e9lsz Te?!<\/strong> <a href=\"https:\/\/www.facebook.com\/Kinekbeszelszte\">FB<\/a> | <a href=\"http:\/\/kinekbeszelszte.bandcamp.com\/\">BandCamp<\/a><br \/>\n<strong>&#8211; Savaria Allstars Punk Orchestra<\/strong> <a href=\"https:\/\/www.facebook.com\/sapoband\">FB<\/a> | <a href=\"https:\/\/sapoband.bandcamp.com\/\">BandCamp<\/a><br \/>\n<strong>&#8211; KMK<\/strong> <a href=\"https:\/\/www.facebook.com\/kmkzenekar\">FB<\/a> | <a href=\"https:\/\/www.facebook.com\/kmkzenekar\/app\/2405167945\/\">ReverbNation<\/a><br \/>\n<strong>&#8211; Ut\u00f3piA (SK)<\/strong> <a href=\"https:\/\/www.facebook.com\/profile.100001449834800\/?fref=ts\">FB<\/a><br \/>\n<strong>&#8211; 2nd Class Substitutes (A)<\/strong> <a href=\"https:\/\/www.facebook.com\/2ndclasssubstitutes\/?fref=ts\">FB<\/a> | <a href=\"http:\/\/2ndclasssubstitutes.bandcamp.com\/\">BandCamp<\/a><\/p>\n<p>Jegyel\u0151v\u00e9telre a k\u00f6vetkez\u0151 helyeken van lehet\u0151s\u00e9g:<br \/>\n-Boh\u00e9m K\u00e1v\u00e9h\u00e1z, Szombathely, Ar\u00e9na utca 6. | <a href=\"https:\/\/www.facebook.com\/bohemloungeandcafe\/?fref=ts\">FB<\/a><br \/>\n-V\u00e9g\u00e1llom\u00e1s kiskocsma, Szombathely, K\u00f6rmendi \u00fat 92.<\/p>\n<p>Facebook esem\u00e9ny: <a href=\"http:\/\/bit.ly\/1MwLyp9\" target=\"_blank\">http:\/\/bit.ly\/1MwLyp9<\/a><\/p>\n<p><iframe loading=\"lazy\" src=\"https:\/\/www.youtube.com\/embed\/WKgWxxMdriM\" width=\"560\" height=\"315\" frameborder=\"0\" allowfullscreen=\"allowfullscreen\"><\/iframe><\/p>\n","protected":false},"excerpt":{"rendered":"<div class=\"mh-excerpt\"><p>Hossz\u00fa \u00e9vek kihagy\u00e1sa ut\u00e1n tavaly \u00fajra egy maratoni pog\u00f3ra h\u00edvt\u00e1k a hazai street-punk sz\u00ednteret a szombathelyi sr\u00e1cok. El\u00e9gj\u00f3l s\u00fclt el, ez\u00e9rt id\u00e9n \u00fajra belev\u00e1gnak a <a class=\"mh-excerpt-more\" href=\"https:\/\/rudetown.hu\/?p=2119\" title=\"VI. PunkMaraton &#8211; 2016.05.14. @ V\u00e9g\u00e1llom\u00e1s Klub\">[&#8230;]<\/a><\/p>\n<\/div>","protected":false},"author":1,"featured_media":2120,"comment_status":"closed","ping_status":"open","sticky":false,"template":"","format":"standard","meta":{"footnotes":""},"categories":[6,11,10,18,4,109,19],"tags":[74,38,117],"class_list":["post-2119","post","type-post","status-publish","format-standard","has-post-thumbnail","hentry","category-esemenyek","category-fesztivalok","category-koncertek","category-oi","category-osszes_hir","category-punkmaraton","category-street-punk","tag-oi-3","tag-punk","tag-punkmaraton"],"_links":{"self":[{"href":"https:\/\/rudetown.hu\/index.php?rest_route=\/wp\/v2\/posts\/2119","targetHints":{"allow":["GET"]}}],"collection":[{"href":"https:\/\/rudetown.hu\/index.php?rest_route=\/wp\/v2\/posts"}],"about":[{"href":"https:\/\/rudetown.hu\/index.php?rest_route=\/wp\/v2\/types\/post"}],"author":[{"embeddable":true,"href":"https:\/\/rudetown.hu\/index.php?rest_route=\/wp\/v2\/users\/1"}],"replies":[{"embeddable":true,"href":"https:\/\/rudetown.hu\/index.php?rest_route=%2Fwp%2Fv2%2Fcomments&post=2119"}],"version-history":[{"count":6,"href":"https:\/\/rudetown.hu\/index.php?rest_route=\/wp\/v2\/posts\/2119\/revisions"}],"predecessor-version":[{"id":2126,"href":"https:\/\/rudetown.hu\/index.php?rest_route=\/wp\/v2\/posts\/2119\/revisions\/2126"}],"wp:featuredmedia":[{"embeddable":true,"href":"https:\/\/rudetown.hu\/index.php?rest_route=\/wp\/v2\/media\/2120"}],"wp:attachment":[{"href":"https:\/\/rudetown.hu\/index.php?rest_route=%2Fwp%2Fv2%2Fmedia&parent=2119"}],"wp:term":[{"taxonomy":"category","embeddable":true,"href":"https:\/\/rudetown.hu\/index.php?rest_route=%2Fwp%2Fv2%2Fcategories&post=2119"},{"taxonomy":"post_tag","embeddable":true,"href":"https:\/\/rudetown.hu\/index.php?rest_route=%2Fwp%2Fv2%2Ftags&post=2119"}],"curies":[{"name":"wp","href":"https:\/\/api.w.org\/{rel}","templated":true}]}}