{"id":2030,"date":"2015-10-15T08:21:49","date_gmt":"2015-10-15T08:21:49","guid":{"rendered":"http:\/\/rudetown.hu\/?p=2030"},"modified":"2015-10-15T08:25:46","modified_gmt":"2015-10-15T08:25:46","slug":"skinhead-vodka-rock-and-roll-the-zapoy-rus","status":"publish","type":"post","link":"https:\/\/rudetown.hu\/?p=2030","title":{"rendered":"Skinhead, Vodka, Rock and Roll &#8211; The Zapoy  (Rus)"},"content":{"rendered":"<p style=\"text-align: justify;\">Nagy \u00f6r\u00f6m volt mikor megtudtam, hogy a The Zapoy az Eur\u00f3pa turn\u00e9juk alatt hozz\u00e1nk is ell\u00e1togatnak. Manaps\u00e1g az orosz skinhead sz\u00ednt\u00e9r egyre jobban er\u0151s\u00f6dik, amit pr\u00f3b\u00e1lok magam is figyelemmel k\u00eds\u00e9rni. M\u00e9g ha a sz\u00f6vegeket nem is igaz\u00e1n \u00e9rtem.\u00a0Tal\u00e1n a legnagyobb fordul\u00f3pont az eg\u00e9sz sz\u00ednt\u00e9r \u00e9let\u00e9ben Ivan Kostolom \u00e9s a Fedor Filatov meggyilkol\u00e1sa volt. Vagy a tragikus esem\u00e9nyek hozhatt\u00e1k ki a helyi sr\u00e1cokb\u00f3l, hogy komolyabban vegy\u00e9k a punkrock \u00edratlan szab\u00e1lyait vagy t\u00e9nyleg csak mostanra n\u0151tt fel a sz\u00ednter\u00fck?! A v\u00e1laszt szerintem maximum szerintem \u0150k tudj\u00e1k, de a l\u00e9nyeg, hogy egyre jobb \u00e9s lelkesebb band\u00e1ik vannak.<br \/>\nK\u00f6vetkezzen a The Zapoy!-jal k\u00e9sz\u00fclt miniinterj\u00fa, amib\u0151l tal\u00e1n az emberfia m\u00e9g t\u00f6bb kedvet kap majd, hogy okt\u00f3ber 27-\u00e9n egy\u00fctt bulizzunk!<\/p>\n<p><iframe loading=\"lazy\" style=\"border: 0; width: 100%; height: 120px;\" src=\"http:\/\/bandcamp.com\/EmbeddedPlayer\/album=1937650003\/size=large\/bgcol=ffffff\/linkcol=0687f5\/tracklist=false\/artwork=small\/track=3037494936\/transparent=true\/\" width=\"300\" height=\"150\" seamless=\"\"><a href=\"http:\/\/thezapoy.bandcamp.com\/album\/skinhead-power\">Skinhead Power by The Zapoy!<\/a><\/iframe><\/p>\n<h3 class=\"r\" style=\"text-align: justify;\"><strong>Ha megk\u00e9rlek, bemutatn\u00e1d a zenekar? Illetve mit jelent a zenekar neve?<\/strong><\/h3>\n<p style=\"text-align: justify;\">El\u0151sz\u00f6r is a zenekart Mitya (\u00e9nek), Serg (basszusgit\u00e1r), Andey (dob) \u00e9s Artem illetve Evgen (git\u00e1r) alkotja. A Zapoy (\u0417\u0430\u043f\u043e\u0439) nevet egy r\u00e9gi orosz trad\u00edci\u00f3b\u00f3l vett\u00fck, amikor is egy h\u00f3napon kereszt\u00fcl kem\u00e9nyen iszol, semmi kaj\u00e1t nem eszel \u00e9s \u00fagy j\u00e1rsz dolgozni. Mi magunk nem vagyunk alkoholist\u00e1k, egyel\u0151re J<\/p>\n<p style=\"text-align: justify;\"><strong>Az orosz nyelv \u00e9s a cirill bet\u0171k kiss\u00e9 neh\u00e9zkesek a magyar f\u00fcl sz\u00e1m\u00e1ra. \u00d6sszefoglaln\u00e1d, hogy mir\u0151l is sz\u00f3lnak a sz\u00f6vegeitek?<\/strong><br \/>\nA magyar meg nek\u00fcnk nem egyszer\u0171. J A sz\u00f6vegeink \u00e1ltal\u00e1ban a pi\u00e1l\u00e1sr\u00f3l \u00e9s az \u00e1ltal\u00e1nos bakancs,\u00a0 nadr\u00e1gtart\u00f3 t\u00e9m\u00e1r\u00f3l sz\u00f3l. M\u00e1ra m\u00e1r egy kicsit id\u0151sebbek lett\u00fcnk, \u00edgy pr\u00f3b\u00e1lunk komolyabb hangv\u00e9tel\u0171 sz\u00f6vegeket \u00edrni \u2013 az \u00e9letr\u0151l illetve t\u00e1rsadalmi gondokr\u00f3l.<\/p>\n<p style=\"text-align: justify;\"><strong>Nem r\u00e9g jelent meg a Byrstreets-szel k\u00f6z\u00f6sen kiadott Oi! Ain\u2019t Mad split lemezetek. Milyen volt a visszajelz\u00e9s a k\u00f6z\u00f6ns\u00e9g r\u00e9sz\u00e9r\u0151l?<\/strong><br \/>\nSajnos nem nagyon kaptunk visszajelz\u00e9seket a lemezzel kapcsolatban, de j\u00f3l fogy, sz\u00f3val biztos j\u00f3! J Az album am\u00fagy DIY lett, a bor\u00edt\u00f3t p\u00e9ld\u00e1ul photoshop n\u00e9lk\u00fcl, k\u00e9zzel hoztuk \u00f6ssze.<\/p>\n<p style=\"text-align: justify;\"><strong>Tavaly j\u00f6tt ki az els\u0151 teljes st\u00fadi\u00f3 lemezetek, a Skinhead Power. Az album maga egy remek Oi! bombak\u00e9nt \u00edrhat\u00f3 le. Mik a tervek a j\u00f6v\u0151re n\u00e9zve?<\/strong><br \/>\nSzeretn\u00e9nk min\u00e9l t\u00f6bb lemezt felvenni \u00e9s splitet csin\u00e1lni a bar\u00e1tainkkal. Most jelenleg a n\u00e9met Stomper98-nel k\u00f6z\u00f6sen hozunk \u00f6ssze egy lemezt. A felv\u00e9telek \u00e9s a kever\u00e9s m\u00e1r k\u00e9sz, most \u00e9ppen valahol Csehorsz\u00e1gban nyomj\u00e1k. A bor\u00edt\u00f3 is k\u00e9sz. Ami f\u00e1j, az az, hogy nem k\u00e9sz\u00fcl el a turn\u00e9ra. Sz\u00f3val, csak ha haza \u00e9rt\u00fcnk tudjuk megjelentetni. Azt\u00e1n lassacsk\u00e1n tal\u00e1n egy saj\u00e1t kislemezt is \u00f6ssze tudunk hozni, de ez csak r\u00e9szben m\u00falik rajtunk.<\/p>\n<p style=\"text-align: justify;\"><a href=\"https:\/\/rudetown.hu\/wp-content\/uploads\/2015\/10\/zapoyturne.jpg\"><img loading=\"lazy\" decoding=\"async\" class=\"aligncenter size-full wp-image-2037\" src=\"https:\/\/rudetown.hu\/wp-content\/uploads\/2015\/10\/zapoyturne.jpg\" alt=\"zapoyturne\" width=\"679\" height=\"960\" srcset=\"https:\/\/rudetown.hu\/wp-content\/uploads\/2015\/10\/zapoyturne.jpg 679w, https:\/\/rudetown.hu\/wp-content\/uploads\/2015\/10\/zapoyturne-212x300.jpg 212w\" sizes=\"auto, (max-width: 679px) 100vw, 679px\" \/><\/a><\/p>\n<p style=\"text-align: justify;\"><strong>Az orosz antirasszista\/antifasiszta sz\u00ednt\u00e9r is nagyon er\u0151s most. Sok zenekar turn\u00e9zik szerte Eur\u00f3p\u00e1ban. Tele vagytok remek Oi! \u00e9s hardcore band\u00e1val. Mondan\u00e1l p\u00e1r sz\u00f3t az orosz sz\u00ednt\u00e9rr\u0151l?! Mely zenekarokra \u00e9rdemes felfigyelni, vannak-e fanzine -jeitek \u00e9s mi a helyzet az ut\u00e1np\u00f3tl\u00e1ssal?<\/strong><br \/>\nBelegondolva, nem mondhatom, hogy nagyon sok Oi! zenekar lenne itthon, de t\u00e9nyleg van p\u00e1r. Oroszorsz\u00e1g egy nagyon orsz\u00e1g, megannyi v\u00e1rossal, de a helyi sz\u00ednterek nagys\u00e1ga v\u00e1ltoz\u00f3. Hol nagy, hol kicsi. Nem mindenhol futsz bele skinheadekbe vagy hardcore sr\u00e1cokba.. Ha nagyobb sz\u00ednt\u00e9rr\u0151l besz\u00e9l\u00fcnk, akkor 3 kiemelked\u0151 van. Az els\u0151 egy\u00e9rtelm\u0171en Moszkva, olyan band\u00e1kkal, mint <strong>Bystreet<\/strong>, <strong>Restless, Killed By Death<\/strong>. De \u00e9rdemes figyelni a felt\u00f6rekv\u0151 band\u00e1kat, mint <strong>a Crackheads<\/strong> vagy az Occupation. Szentp\u00e9terv\u00e1ron tal\u00e1lhat\u00f3 a <strong>Nevsky Stompers<\/strong>, az <strong>Alcobastards<\/strong>, az <strong>M16, Shaved Heads<\/strong>, <strong>Robin Hood<\/strong> \u00e9s egy \u00faj kiemelked\u0151 banda, a <strong>Meantime<\/strong>. A harmadik v\u00e1ros Kirov a <strong>Klowns<\/strong>-szal \u00e9s a <strong>Twenties<\/strong>-zel (20-s).<br \/>\nMost, amint hallottam kiemelked\u0151 lemez, az a Pivnaya Kruzghka \u2013 Highly Recommended albuma volt. De alapj\u00e1ba v\u00e9ve az \u00f6sszes band\u00e1t aj\u00e1nlani tudom, mert nagyon j\u00f3 zen\u00e9j\u00fck van.<\/p>\n<p><iframe loading=\"lazy\" style=\"border: 0; width: 100%; height: 120px;\" src=\"http:\/\/bandcamp.com\/EmbeddedPlayer\/album=2905527378\/size=large\/bgcol=ffffff\/linkcol=0687f5\/tracklist=false\/artwork=small\/track=3031031371\/transparent=true\/\" width=\"300\" height=\"150\" seamless=\"\"><a href=\"http:\/\/thezapoy.bandcamp.com\/album\/oi-aint-mad\">Oi! Ain&#8217;t mad! by The Zapoy!<\/a><\/iframe><br \/>\nSajnos a honi hardcore band\u00e1kr\u00f3l kev\u00e9sb\u00e9 tudok inform\u00e1ci\u00f3val szolg\u00e1lni, mert mi a zenekarban nem igaz\u00e1n hallgatunk ilyesf\u00e9le zen\u00e9t. Tal\u00e1n ami nagyon men\u0151 most idehaza az a <strong>210<\/strong>, \u0151k a bar\u00e1taink. Ennyi tudunk csak. J Tudom, hogy nagyon sok banda van idehaza, akik k\u00f6z\u00fcl sokan nagyon j\u00f3l tolj\u00e1k, sz\u00f6vegileg is \u00e9s zeneileg is. De \u00e9n nem hiszek benn\u00fck. A hardcore a nyolcvanas \u00e9vekben meghalt! \ud83d\ude42<\/p>\n<p style=\"text-align: justify;\"><strong>Kicsit visszat\u00e9rn\u00e9k a skinhead sz\u00ednt\u00e9rre. Mennyire egyszer\u0171 bulikat szervezni?<br \/>\n<\/strong>Manaps\u00e1g egyre nehezebb koncertet szervezni. Ok\u00e9, hogy vannak helyeink, de mindig elcsesz\u0151dik a buli, mikor a rend\u0151rs\u00e9g megjelenik, lef\u00fajja azt \u00e9s beviszik a szervez\u0151ket, a zenekartagokat \u00e9s a bar\u00e1tainkat. Gondunk van ilyen t\u00e9ren a korm\u00e1nnyal \u00e9s a n\u00e1cikkal is.<br \/>\nA skinhead sz\u00ednt\u00e9r m\u00e1ra nagyon rendbe lett rakva, mindenki ismer mindenkit, \u00edgy tudjuk sz\u0171rni a k\u00f6z\u00f6ns\u00e9get a bulikon. De igen, a rend\u0151rs\u00e9g az els\u0151dleges bajforr\u00e1sunk.<\/p>\n<p style=\"text-align: justify;\"><strong>Okt\u00f3berben k\u00f6rbe turn\u00e9zz\u00e1tok Eur\u00f3p\u00e1t. Mennyire volt neh\u00e9zkes \u00f6sszehozni \u00a0orosz bandak\u00e9nt a dolgot? Merre lesztek megtal\u00e1lhat\u00f3k? Mit v\u00e1rtok t\u0151le?<br \/>\n<\/strong>Nem t\u00e9vedsz, orosz bandak\u00e9nt kiss\u00e9 neh\u00e9zkes a dolog. Jelenleg semmi kapcsolatunk nincs k\u00fclf\u00f6ldi sr\u00e1cokkal. Rem\u00e9lhet\u0151leg a turn\u00e9 ut\u00e1n mindez meg fog v\u00e1ltozni. A turn\u00e9hoz egy j\u00f3 bar\u00e1tunkt\u00f3l kapunk seg\u00edts\u00e9get, \u0151 nem m\u00e1s, mint <strong>Gonzalo<\/strong>, aki az <strong>Anarchronism Records<\/strong>-ot csin\u00e1lja. \u0150 int\u00e9z nek\u00fcnk mindent, Sokat k\u00f6sz\u00f6nhet\u00fcnk Neki! \ud83d\ude42<\/p>\n<p style=\"text-align: justify;\"><strong>Lehet, hogy rosszul \u00e9rtes\u00fcltem, de \u00fagy tudom a Bystreet-tel k\u00f6z\u00f6sen tervezt\u00e9tek a turn\u00e9t. Mi t\u00f6rt\u00e9nt a tervvel?<br \/>\n<\/strong>P\u00e1r zenekartag m\u00e9gsem tud id\u0151t szak\u00edtani a turn\u00e9ra. \u00c9s lehet, hogy a zenekar maga is feloszlik. Nem igaz\u00e1n estek j\u00f3l ezek a h\u00edrek, f\u0151leg, hogy r\u00e9g\u00f3ta nagyon j\u00f3 bar\u00e1ts\u00e1got \u00e1polunk vel\u00fck.<\/p>\n<p style=\"text-align: justify;\"><strong>Voltatok valaha Magyarorsz\u00e1gon? Mi az, amit megn\u00e9zn\u00e9tek a f\u0151v\u00e1rosban? Vagy mi az, amit kipr\u00f3b\u00e1ln\u00e1tok?<br \/>\n<\/strong>Soha nem voltunk m\u00e9g n\u00e1latok (p\u00e1ran a band\u00e1b\u00f3l m\u00e9g Eur\u00f3p\u00e1ban sem). Nagy \u00f6r\u00f6m volt sz\u00e1munkra, mikor Gonzalo sz\u00f3lt, hogy tal\u00e1lt egy budapesti szervez\u0151t. Sok sz\u00e9pet hallottunk m\u00e1r a f\u0151v\u00e1rosotokr\u00f3l, sz\u00f3val nagy \u00f6r\u00f6m lesz ell\u00e1togatni hozz\u00e1tok! \ud83d\ude42 Mindent beleadva pr\u00f3b\u00e1lunk majd a kedvetekben j\u00e1rni a koncerten.<br \/>\n<em>Evgen:<\/em> 2013-ban a Sziget Fesztiv\u00e1lon j\u00e1rtam m\u00e1r. A v\u00e1ros \u00e9s a fesztiv\u00e1l is nagyon j\u00f3 volt. Sajn\u00e1lom, hogy a f\u00fcrd\u0151ket kihagytam.<\/p>\n<p><strong>Mit \u00fczentek a magyar sr\u00e1coknak?!<br \/>\n<\/strong>Bar\u00e1taink, hamarosan ell\u00e1togatunk hozz\u00e1tok \u00e9s csapunk egy remek bulit minden baj n\u00e9lk\u00fcl! Ne d\u0151ljetek be a propagand\u00e1nak \u00e9s mindig a saj\u00e1t fejetekkel gondolkozzatok!<\/p>\n<p><strong>K\u00f6sz\u00f6n\u00f6m a v\u00e1laszaitokat, tal\u00e1lkozunk okt\u00f3ber 27-\u00e9n!\u00a0<\/strong><\/p>\n<p><iframe loading=\"lazy\" src=\"https:\/\/www.youtube.com\/embed\/ZmRFDrcw8vQ\" width=\"420\" height=\"315\" frameborder=\"0\" allowfullscreen=\"allowfullscreen\"><\/iframe><\/p>\n<p>The Zapoy <a title=\"tzfb\" href=\"https:\/\/www.facebook.com\/thezapoy?ref=ts&amp;fref=ts\" target=\"_blank\">Facebook <\/a>| <a title=\"tzbc\" href=\"http:\/\/thezapoy.bandcamp.com\/\" target=\"_blank\">BandCamp<\/a><\/p>\n<p><a title=\"The Zapoy (RU) Europe-Tour\" href=\"https:\/\/www.facebook.com\/events\/876765549039045\/\" target=\"_blank\">Turn\u00e9 Facebook esem\u00e9ny<\/a><\/p>\n<p><a title=\"Zapoy (orosz rock'n'Oi!), Bad Habit (magyar ska)\" href=\"https:\/\/www.facebook.com\/events\/745592048900526\/\" target=\"_blank\">Magyar koncert esem\u00e9ny<\/a><\/p>\n","protected":false},"excerpt":{"rendered":"<div class=\"mh-excerpt\"><p>Nagy \u00f6r\u00f6m volt mikor megtudtam, hogy a The Zapoy az Eur\u00f3pa turn\u00e9juk alatt hozz\u00e1nk is ell\u00e1togatnak. Manaps\u00e1g az orosz skinhead sz\u00ednt\u00e9r egyre jobban er\u0151s\u00f6dik, amit <a class=\"mh-excerpt-more\" href=\"https:\/\/rudetown.hu\/?p=2030\" title=\"Skinhead, Vodka, Rock and Roll &#8211; The Zapoy  (Rus)\">[&#8230;]<\/a><\/p>\n<\/div>","protected":false},"author":1,"featured_media":2032,"comment_status":"closed","ping_status":"open","sticky":false,"template":"","format":"standard","meta":{"footnotes":""},"categories":[7,5,18,4,19,17],"tags":[75,78,74,76,77,59,73,33],"class_list":["post-2030","post","type-post","status-publish","format-standard","has-post-thumbnail","hentry","category-interjuk","category-magazin","category-oi","category-osszes_hir","category-street-punk","category-zene","tag-antifa","tag-interju","tag-oi-3","tag-oroszorszag","tag-russia","tag-skinhead","tag-the-zapoy","tag-turne"],"_links":{"self":[{"href":"https:\/\/rudetown.hu\/index.php?rest_route=\/wp\/v2\/posts\/2030","targetHints":{"allow":["GET"]}}],"collection":[{"href":"https:\/\/rudetown.hu\/index.php?rest_route=\/wp\/v2\/posts"}],"about":[{"href":"https:\/\/rudetown.hu\/index.php?rest_route=\/wp\/v2\/types\/post"}],"author":[{"embeddable":true,"href":"https:\/\/rudetown.hu\/index.php?rest_route=\/wp\/v2\/users\/1"}],"replies":[{"embeddable":true,"href":"https:\/\/rudetown.hu\/index.php?rest_route=%2Fwp%2Fv2%2Fcomments&post=2030"}],"version-history":[{"count":9,"href":"https:\/\/rudetown.hu\/index.php?rest_route=\/wp\/v2\/posts\/2030\/revisions"}],"predecessor-version":[{"id":2041,"href":"https:\/\/rudetown.hu\/index.php?rest_route=\/wp\/v2\/posts\/2030\/revisions\/2041"}],"wp:featuredmedia":[{"embeddable":true,"href":"https:\/\/rudetown.hu\/index.php?rest_route=\/wp\/v2\/media\/2032"}],"wp:attachment":[{"href":"https:\/\/rudetown.hu\/index.php?rest_route=%2Fwp%2Fv2%2Fmedia&parent=2030"}],"wp:term":[{"taxonomy":"category","embeddable":true,"href":"https:\/\/rudetown.hu\/index.php?rest_route=%2Fwp%2Fv2%2Fcategories&post=2030"},{"taxonomy":"post_tag","embeddable":true,"href":"https:\/\/rudetown.hu\/index.php?rest_route=%2Fwp%2Fv2%2Ftags&post=2030"}],"curies":[{"name":"wp","href":"https:\/\/api.w.org\/{rel}","templated":true}]}}