{"id":1027,"date":"2013-03-10T13:37:11","date_gmt":"2013-03-10T13:37:11","guid":{"rendered":"http:\/\/rudetown.hu\/?p=1027"},"modified":"2013-03-12T09:36:42","modified_gmt":"2013-03-12T09:36:42","slug":"brit-ska-ujjaeledes-the-talks-west-sinister-ep","status":"publish","type":"post","link":"https:\/\/rudetown.hu\/?p=1027","title":{"rendered":"Brit Ska \u00dajj\u00e1\u00e9led\u00e9s: The Talks &#8211; West Sinister EP"},"content":{"rendered":"<p style=\"text-align: justify;\"><a href=\"https:\/\/rudetown.hu\/wp-content\/uploads\/2013\/03\/546448_10150784139870309_682768061_n.jpg\"><img loading=\"lazy\" decoding=\"async\" class=\"aligncenter size-full wp-image-1028\" style=\"margin: 5px;\" title=\"the-talks\" src=\"https:\/\/rudetown.hu\/wp-content\/uploads\/2013\/03\/546448_10150784139870309_682768061_n.jpg\" alt=\"\" width=\"592\" height=\"468\" srcset=\"https:\/\/rudetown.hu\/wp-content\/uploads\/2013\/03\/546448_10150784139870309_682768061_n.jpg 960w, https:\/\/rudetown.hu\/wp-content\/uploads\/2013\/03\/546448_10150784139870309_682768061_n-300x236.jpg 300w\" sizes=\"auto, (max-width: 592px) 100vw, 592px\" \/><\/a>A tavalyi \u00e9v el\u00e9gg\u00e9 mozgalmas volt a Yorkshire-i ska-reggae csapatnak, a <strong>The Talks<\/strong>nak. Az deb\u00fct\u00e1l\u00f3 daluk, a <strong>Can Stand The Rain<\/strong> sz\u00e1muk el\u00e9rte a t\u00f6bb mint 100 ezres Youtube n\u00e9zetts\u00e9get, mellette sz\u00e1mos tv m\u0171sorba is felk\u00e9r\u00e9st kaptak. \u00d6sszess\u00e9g\u00e9ben olyan zenekarokkal turn\u00e9zhattak, mint a <strong>The Specials<\/strong>, <strong>The Beat <\/strong>vagy a <strong>Rancid<\/strong>,\u00a0emellett\u00a0fel\u00e9p\u00edtettek egy igen er\u0151s koncert show-t, amely felpump\u00e1lja az emberben a v\u00e9rt \u00e9s t\u00e1ncra perd\u00edt.<!--more--><\/p>\n<p style=\"text-align: justify;\">Most tavasszal a banda egy vadonat\u00faj EP-t jelentett meg <strong>West Sinister<\/strong> c\u00edmmel. Csomagba gy\u0171jtve egy csokor \u00e9l\u00e9nk \u00e9s vid\u00e1m felv\u00e9telt, ami bebizony\u00edtja, hogy ska nem csak \u00e9l, hanem friss \u00e9s id\u0151t\u00e1ll\u00f3.<\/p>\n<p style=\"text-align: justify;\">Az EP a Life In Colour sz\u00e1mmal nyit, mely egy gyors betekint\u00e9s a modern brit \u00e9letbe, megf\u0171szerezve egy Arctic Monkey st\u00edlus\u00fa riffel. Ez teljesen m\u00e1sk\u00e9nt \u00e9rezteti a teljes lemezt \u00e9s a dalsz\u00f6vegeket c\u00e9lozva itt az orsz\u00e1g p\u00e9nz\u00fcgyi helyzet\u00e9re, bedeszk\u00e1zott \u00fczleteire \u00e9s a hiperakt\u00edv fiatals\u00e1g\u00e1ra. Azt a karibi k\u00f6t\u00f6d\u00e9st, amit a ska egyedi l\u00fcktet\u0151 \u00fcteme jelent most sem \u00a0marad ki. A The Specials-b\u00f3l j\u00f3l ismert <strong>Neville Staple<\/strong> is csatlakozott egy dal erej\u00e9ig a band\u00e1hoz, ez a track a <strong>Can Stand The Rain<\/strong>. Egy sz\u00e1m, amelyet felp\u00f6rgettek \u00a0frank\u00f3 szaxofon j\u00e1t\u00e9kkal \u00e9s pattog\u00f3 \u00fctemekkel, \u00edgy tal\u00e1n a legkiemelked\u0151bb reggae dal a lemezen.<\/p>\n<p style=\"text-align: center;\"><object width=\"560\" height=\"315\"><param name=\"movie\" value=\"http:\/\/www.youtube.com\/v\/D8ciXWO9kS4?hl=hu_HU&amp;version=3\" \/><param name=\"allowFullScreen\" value=\"true\" \/><param name=\"allowscriptaccess\" value=\"always\" \/><embed type=\"application\/x-shockwave-flash\" width=\"560\" height=\"315\" src=\"http:\/\/www.youtube.com\/v\/D8ciXWO9kS4?hl=hu_HU&amp;version=3\" allowfullscreen=\"true\" allowscriptaccess=\"always\"><\/embed><\/object><\/p>\n<p style=\"text-align: justify;\">&nbsp;<\/p>\n<p style=\"text-align: justify;\">A zenekar m\u00e1sodik kislemeze az EP ut\u00e1n fog kij\u00f6nni, <strong>Friday Night<\/strong> c\u00edmmel. Er\u0151s git\u00e1r riffek \u00e9s l\u00e1bmozgat\u00f3 \u00fctemekkel tiszteleg a The Talks egy m\u00e1sik nagy angol tradici\u00f3nak, az iv\u00e1snak. A kislemezhez k\u00e9sz\u00fclt vide\u00f3 egy koncerten vett\u00e9k fel, \u00edgy a n\u00e9z\u0151 is \u00e1t\u00e9rezheti, hogy mekkora er\u0151vel is l\u00fcktet a banda a sz\u00ednpadon.<\/p>\n<p style=\"text-align: justify;\">A t\u00e1rsadalmi roml\u00e1s t\u00e9m\u00e1ja \u00e9s a megt\u00f6rt Anglia teljesen v\u00e9gig fut az anyagon, de a banda m\u00e9gis megpr\u00f3b\u00e1lja ezt az er\u0151s depressz\u00edv hangulatot egy boldog, rem\u00e9nyteli zen\u00e9v\u00e9 alak\u00edtani. Ezek a zen\u00e9k megtan\u00edtanak arra, hogy legy\u00fcnk h\u00e1l\u00e1sak az\u00e9rt, amink van \u00e9s tegy\u00fck a t\u0151l\u00fcnk legt\u00f6bbet elv\u00e1rhat\u00f3t. Mint a m\u00e1r eml\u00edtett single is id\u00e9zi: &#8222;Addig \u00e1llok az es\u0151n, am\u00edg a nap ki nem s\u00fct&#8221;. Ha \u00e9rdekelnek az \u00faj \u00e9s izgalmas zen\u00e9k \u00e9s akarsz valamit, ami felveri a sz\u00edvver\u00e9sedet \u00e9s a v\u00e1rost, akkor vedd meg a lemezt!<\/p>\n<p style=\"text-align: justify;\">The Talks <a href=\"http:\/\/www.thetalks.co.uk\" target=\"_blank\">Hivalatos Honlap <\/a>| <a href=\"https:\/\/www.facebook.com\/TheTalks\" target=\"_blank\">Facebook<\/a> | <a href=\"www.soundcloud.com\/the-talks\" target=\"_blank\">SoundCloud<\/a> | <a href=\"http:\/\/www.myspace.com\/thetalks\" target=\"_blank\">MySpace<\/a>| <a href=\"https:\/\/twitter.com\/thetalks\" target=\"_blank\">Twitter<\/a><\/p>\n<p style=\"text-align: justify;\">&nbsp;<\/p>\n<p style=\"text-align: justify;\">&nbsp;<\/p>\n<p style=\"text-align: justify;\">&nbsp;<\/p>\n","protected":false},"excerpt":{"rendered":"<div class=\"mh-excerpt\"><p>A tavalyi \u00e9v el\u00e9gg\u00e9 mozgalmas volt a Yorkshire-i ska-reggae csapatnak, a The Talksnak. Az deb\u00fct\u00e1l\u00f3 daluk, a Can Stand The Rain sz\u00e1muk el\u00e9rte a t\u00f6bb <a class=\"mh-excerpt-more\" href=\"https:\/\/rudetown.hu\/?p=1027\" title=\"Brit Ska \u00dajj\u00e1\u00e9led\u00e9s: The Talks &#8211; West Sinister EP\">[&#8230;]<\/a><\/p>\n<\/div>","protected":false},"author":1,"featured_media":0,"comment_status":"open","ping_status":"open","sticky":false,"template":"","format":"standard","meta":{"footnotes":""},"categories":[13,4],"tags":[],"class_list":["post-1027","post","type-post","status-publish","format-standard","hentry","category-ajanlo","category-osszes_hir"],"_links":{"self":[{"href":"https:\/\/rudetown.hu\/index.php?rest_route=\/wp\/v2\/posts\/1027","targetHints":{"allow":["GET"]}}],"collection":[{"href":"https:\/\/rudetown.hu\/index.php?rest_route=\/wp\/v2\/posts"}],"about":[{"href":"https:\/\/rudetown.hu\/index.php?rest_route=\/wp\/v2\/types\/post"}],"author":[{"embeddable":true,"href":"https:\/\/rudetown.hu\/index.php?rest_route=\/wp\/v2\/users\/1"}],"replies":[{"embeddable":true,"href":"https:\/\/rudetown.hu\/index.php?rest_route=%2Fwp%2Fv2%2Fcomments&post=1027"}],"version-history":[{"count":7,"href":"https:\/\/rudetown.hu\/index.php?rest_route=\/wp\/v2\/posts\/1027\/revisions"}],"predecessor-version":[{"id":1051,"href":"https:\/\/rudetown.hu\/index.php?rest_route=\/wp\/v2\/posts\/1027\/revisions\/1051"}],"wp:attachment":[{"href":"https:\/\/rudetown.hu\/index.php?rest_route=%2Fwp%2Fv2%2Fmedia&parent=1027"}],"wp:term":[{"taxonomy":"category","embeddable":true,"href":"https:\/\/rudetown.hu\/index.php?rest_route=%2Fwp%2Fv2%2Fcategories&post=1027"},{"taxonomy":"post_tag","embeddable":true,"href":"https:\/\/rudetown.hu\/index.php?rest_route=%2Fwp%2Fv2%2Ftags&post=1027"}],"curies":[{"name":"wp","href":"https:\/\/api.w.org\/{rel}","templated":true}]}}